{"id":639,"date":"2012-06-25T07:33:41","date_gmt":"2012-06-25T09:33:41","guid":{"rendered":"http:\/\/www.encontramogimirim.com.br\/noticias\/?p=639"},"modified":"2013-08-15T12:29:34","modified_gmt":"2013-08-15T14:29:34","slug":"confira-postos-da-campanha-do-agasalho-em-mogi-mirim-e-regiao","status":"publish","type":"post","link":"https:\/\/www.encontramogimirim.com.br\/noticias\/confira-postos-da-campanha-do-agasalho-em-mogi-mirim-e-regiao\/","title":{"rendered":"Confira postos da Campanha do Agasalho em Mogi Mirim e regi\u00e3o"},"content":{"rendered":"<p>Com a chegada do inverno, a campanha do agasalho de 2012 foi intensificada, com a amplia\u00e7\u00e3o do locais para receber as doa\u00e7\u00f5es. A Empresa Metropolitana de Transpostes Urbanos (EMTU) incluiu 32 pontos de coletas \u00e0 campanha. Nesses locais, a arrecada\u00e7\u00e3o segue at\u00e9 o dia 29 de junho.<\/p>\n<p>Em 2011, somente a cidade de Campinas arrecadou cerca de oito toneladas entre roupas, cobertores e agasalhos.<\/p>\n<p>Confira na lista abaixo a lista dos postos de doa\u00e7\u00e3o em Campinas, Hortol\u00e2ndia, Americana, Paul\u00ednia, Sumar\u00e9, Santo Antonio de Posse, Mogi Mirim, Indaiatuba, \u00c1guas de Lind\u00f3ia, Vinhedo e Itapira.<\/p>\n<p><em><strong>MOGI MIRIM<br \/>\n<\/strong><\/em><\/p>\n<p><strong>Departamento de Promo\u00e7\u00e3o Social<\/strong><br \/>\nAvenida Adib Chaib<\/p>\n<p><a href=\"http:\/\/www.encontramogimirim.com.br\/mogi-mirim\/paco-municipal-de-mogi-mirim.shtml\" target=\"_blank\"><strong>Pa\u00e7o Municipal<\/strong><br \/>\n<\/a>Rua Dr Jos\u00e9 Alves, 129, Centro<\/p>\n<p><strong><em>CAMPINAS<\/em><\/strong><\/p>\n<p>Pa\u00e7o Municipal<br \/>\nAvenida Anchieta, n\u00ba 200, Centro<\/p>\n<p>Casa dos Conselhos<br \/>\nRua Ferreira Penteado, n\u00ba 1331, Centro<\/p>\n<p>Ceasa Campinas<br \/>\nRodovia D. Pedro I \u2013 Km 104,5 \u2013 Pista Norte<\/p>\n<p>Hipermercado Enxuto<br \/>\nAvenida John Boy Dunlop, Jardim Aur\u00e9lia<\/p>\n<p>Supermercado Beir\u00e3o<br \/>\nRua Pedreira, n\u00ba 536, Jardim Campos El\u00edseos<\/p>\n<p>Administra\u00e7\u00e3o Regional 4 (AR &#8211; 4)<br \/>\nAvenida Marechal Rondon, n\u00ba 183, Jardim Chapad\u00e3o<\/p>\n<p>Supermercados Galassi<br \/>\nAvenida da Saudade, n\u00ba 960, Ponte Preta<strong><br \/>\n<\/strong>Rua Rei Salom\u00e3o, n\u00ba 180, no distrito de Sousas<br \/>\nAvenida Engenheiro Francisco de Paula Souza, n\u00ba 3471, Jardim S\u00e3o Vicente<br \/>\nRua Dr. Antonio Vilela J\u00fanior, n\u00ba 33, Jardim Bandeirantes<\/p>\n<p>Supermercado Covabra<br \/>\nAvenida John Boy Dunlop, n\u00ba 1.000, Jardim Londres<\/p>\n<p>Supermercados Dalben<br \/>\nAvenida Nossa Senhora de F\u00e1tima, n\u00ba 1.270, Taquaral<br \/>\nAvenida Albino Jos\u00e9 Barbosa, n\u00ba 511, distrito de Bar\u00e3o Geraldo<\/p>\n<p>Supermercado Paulist\u00e3o<br \/>\nAvenida Orosimbo Maia, n\u00ba 1.309, Guanabara<\/p>\n<p>Campinas Shopping<br \/>\nAvenida Jacy Teixeira de Camargo, n\u00ba 940, Jardim do Lago<\/p>\n<p>Padaria Riviera<br \/>\nRua Olavo Bilac, n\u00ba 28, Cambu\u00ed<\/p>\n<p>Benchmark Eletronic<br \/>\nRodovia D. Pedro l, Km 133<\/p>\n<p>Embrapa<br \/>\nAvenida Soldado Passarinho, n\u00ba 303, Jardim Chapad\u00e3o<\/p>\n<p>Col\u00e9gio Pedro e Rafael<br \/>\nAvenida Carlos Ara\u00fajo Gobbi, n\u00ba 529, Jardim S\u00e3o Bento<\/p>\n<p>Associa\u00e7\u00e3o dos Servidores P\u00fablicos Municipais<br \/>\nRua Alagoas, n\u00ba 200, S\u00e3o Bernardo<\/p>\n<p>Cart\u00f3rio Santa Cruz<br \/>\nRua Delfino Cintra, n\u00ba 404, Centro<\/p>\n<p>Supermercado Paulist\u00e3o<br \/>\nAvenida Dom Aloisio Lorscheider, n\u00ba 225, Vila Padre Anchieta<\/p>\n<p>Casa da Gente<br \/>\nAvenida Jesuino Marcondes Machado, n\u00ba 1.001, Nova Campinas<\/p>\n<p>Condom\u00ednio Edif\u00edcio Olinda<br \/>\nRua Luzitana, n\u00ba 1.432, Centro<\/p>\n<p>Sede GRC<br \/>\nRua Leopoldo Amaral, n\u00ba 263, Vila Marieta<\/p>\n<p>Loja VT<br \/>\nRua Concei\u00e7\u00e3o, N\u00ba 233, Centro<\/p>\n<p>Terminal Metropolitano Pref. Magalh\u00e3es Teixeira<br \/>\nAvenida lix da Cunha, n\u00ba 101, Bonfim<\/p>\n<p>Esta\u00e7\u00e3o de Transfer\u00eancia Anhanguera<br \/>\nAvenida Lix da Cunha, s\/n, Jd. Eulina<\/p>\n<p>Supermercado Paulist\u00e3o<br \/>\nRua Silvio Rizardo, n\u00ba 925, Campos El\u00edseos<\/p>\n<p>Unimart Shopping<br \/>\nAvenida John Boyd Dunlop, n\u00ba 350, Ch\u00e1cara da Rep\u00fablica<\/p>\n<p>Par\u00f3quia Santa Rita de C\u00e1ssia<br \/>\nAvenida Jesu\u00edno Marcondes Machado, n\u00ba 670, Nova Campinas<\/p>\n<p>Shopping Ventura Mall<br \/>\nAvenida Moraes Sales, n\u00ba 2.790, Nova Campinas<\/p>\n<p>Shopping Gramado Mall<br \/>\nAlameda Vidoeiros, n\u00ba 455, Gramado<\/p>\n<p>Shopping Prado<br \/>\nAvenida Washington Luis, n\u00ba 2480, Parque Prado<\/p>\n<p>Shopping Jaragu\u00e1<br \/>\nRua Concei\u00e7\u00e3o, n\u00ba 233, Centro<\/p>\n<p>Campinas Clube Semanal de Cultura Art\u00edstica<br \/>\nRod. Heitor Penteado, km 06, distrito de Sousas<\/p>\n<p>De Lucca Im\u00f3veis<br \/>\nRua Hermas Braga, n\u00ba 393, Nova Campinas<\/p>\n<p>Esc. Educa\u00e7\u00e3o Infantil Passo a Passo<br \/>\nRua Ferdinando Panattoni, n\u00ba 375, Jd. Paulic\u00e9ia<\/p>\n<p>Condom\u00ednio Villa Ravenna<br \/>\nRua Aroldo de Azevedo, n\u00ba 100, Jd. das Paineiras &#8211; Campinas<\/p>\n<p>Condom\u00ednio Est\u00e2ncia Para\u00edso<br \/>\nRua Eng. Luis Antonio Laloni, n\u00ba 321, Tijuco das Telhas<\/p>\n<p>Casa de Sa\u00fade de Campinas<br \/>\nPra\u00e7a Dr. Tofoli, n\u00ba 28, Centro<\/p>\n<p>Supermercado P\u00e3o de A\u00e7\u00facar<br \/>\nAvenida Bar\u00e3o de Itapura, n\u00ba 2.233, Jd. Chapad\u00e3o<\/p>\n<p>Supermercado Paulist\u00e3o<br \/>\nRua Silvio Rizardo, n\u00ba 925, Jd. Campos El\u00edseos<\/p>\n<p>Supermercado Taquaral<br \/>\nAvenida Nossa Senhora de F\u00e1tima, n\u00ba 568, Jd. Bela Vista<\/p>\n<p>Unimed Campinas \u2013 Sede<br \/>\nAvenida Bar\u00e3o de Itapura, n\u00ba 1.123, Jd. Dom Bosco<\/p>\n<p>Centro de Quimioterapia \u2013 Unimed<br \/>\nRua Camargo Paes, n\u00ba 198, Jd. Guanabara<\/p>\n<p>Centro de Medicina Ocupacional \u2013 Unimed<br \/>\nAvenida Bar\u00e3o de Itapura, n\u00ba 3.371, Jd. Dom Bosco<\/p>\n<p>Intercambio \u2013 Unimed<br \/>\nAvenida Bar\u00e3o de Itapura, n\u00ba 1.100, Jd. Dom Bosco<\/p>\n<p>Pontif\u00edcia Universidade Cat\u00f3lica de Campinas \u2013 PUC-Campinas<br \/>\nRod. Dom Pedro I, Km 136 \u2013 Port\u00e3o 1 \u2013 BL B, Jd. Guanabara<\/p>\n<p>Wall Mart &#8211; Campinas Shopping<br \/>\nRua Jacy Teixeira de Camargo, n\u00ba 940, Jd. do Lago<\/p>\n<p><em><strong>HORTOL\u00c2NDIA<\/strong><br \/>\n<\/em><\/p>\n<p>Terminal Metropolitano Hortol\u00e2ndia<br \/>\nAv. Santana, s\/n, Parque Hortol\u00e2ndia<\/p>\n<p>Fundo Social de Solidariedade<br \/>\nRua Benedito Francisco de Faria, n\u00ba 445, Remanso Campineiro<\/p>\n<p>Prefeitura Municipal de Hortol\u00e2ndia<br \/>\nAvenida Ol\u00edvio Franceschini, n\u00ba 2.500, Remanso Campineiro<\/p>\n<p>C\u00e2mara Municipal de Hortol\u00e2ndia<br \/>\nRua Sebasti\u00e3o Cust\u00f3dio de Oliveira, n\u00ba 20, Remanso Campineiro<\/p>\n<p><em><strong>AMERICANA<\/strong><\/em><\/p>\n<p><em>Terminal Metropolitano de Americana<\/em><br \/>\nAv. Dr. Antonio Lobo, s\/n, Centro<\/p>\n<p><em>Supermercados S\u00e3o Vicente<\/em><br \/>\nRua Francisco Alves, n\u00ba 18, Ant\u00f4nio Zanaga<br \/>\nRua das Azal\u00e9ias, n\u00ba 678, Cidade Jardim<br \/>\nRua Evaristo Battistuzzi, n\u00ba 285, Jardim Brasil<br \/>\nRua Maranh\u00e3o, n\u00ba 1.448, Praia Azul<br \/>\nAvenida de Cillo, n\u00ba 2.200, S\u00e3o Jos\u00e9<br \/>\nRua Jo\u00e3o Bernestein, 630, S\u00e3o Vito<br \/>\nRua Tamoio, 495, Santa Catarina<\/p>\n<p>Supermercados Pague Menos<br \/>\nRua do Vaticano, n\u00ba 30, S\u00e3o Domingos<br \/>\nAvenida de Cillo, n\u00ba 1.840, Jardim S\u00e3o Paulo<br \/>\nAnt\u00f4nio Conselheiro, n\u00ba400, Zanaga<br \/>\nPaschoal Ardito, n\u00ba 700, S\u00e3o Vito<\/p>\n<p>Supermercado Paulist\u00e3o<br \/>\nRua 30 de Julho, n\u00ba 477, Centro<\/p>\n<p>Supermercado Dia<br \/>\nPra\u00e7a Liraucio Gomes, n\u00ba 66, Centro<\/p>\n<p>Jardim Bot\u00e2nico<br \/>\nAvenida Brasil, n\u00ba 2.525, Parque Residencial Nardini<\/p>\n<p>Tiro de Guerra<br \/>\nRua Florindo Cibin, n\u00ba2.675, S\u00e3o Domingos<\/p>\n<p><em><strong>PAUL\u00cdNIA<br \/>\n<\/strong><\/em><\/p>\n<p>Supermercado Paulist\u00e3o<br \/>\nAv. Presidente Vargas, n\u00ba 253, Centro<\/p>\n<p>Supermercado Junior<br \/>\nRua Dom Francisco de Campos Barreto, n\u00ba 460, Santa Cec\u00edlia<\/p>\n<p>Prefeitura de Paul\u00ednia<br \/>\nAvenida Prefeito Jos\u00e9 Lozano Ara\u00fajo, n\u00ba 1.551, Parque Brasil 500<\/p>\n<p>Delegacia Central<br \/>\nRua S\u00e3o Bento, n\u00ba 300, Santa Cec\u00edlia<\/p>\n<p><em><strong>SUMAR\u00c9<br \/>\n<\/strong><\/em><\/p>\n<p>Supermercado Paulist\u00e3o<br \/>\nRua S\u00e3o Tito, n\u00ba 150, Nova Veneza<\/p>\n<p>Supermercado Paulist\u00e3o<br \/>\nRua Jose Vedovato, n\u00ba 2.280, Parque das Na\u00e7\u00f5es<\/p>\n<p>Unidade B\u00e1sica de Sa\u00fade<br \/>\nRua Jo\u00e3o Vasconcelos, n\u00ba 30, Jardim Jo\u00e3o Vasconcelos<\/p>\n<p>R\u00e1dio Nova Sumar\u00e9<br \/>\nRua Ant\u00f4nio do Vale Melo, n\u00ba 738, Centro<\/p>\n<p>Supermercado Pague Menos<br \/>\nAvenida da Amizade, n\u00ba 1.900, Vila Carlota<\/p>\n<p>Pa\u00e7o Municipal<br \/>\nRua Jos\u00e9 Maria Miranda, n\u00ba 1.154, Centro<\/p>\n<p>Panificadora Taty Pan<br \/>\nRua Dom Barreto, n\u00ba 1.554, Centro<\/p>\n<p>Farm\u00e1cia Drogasil<br \/>\nRua Jos\u00e9 Maria Miranda, n\u00ba 702, Centro<\/p>\n<p>Centro de Conviv\u00eancia da Terceira Idade<br \/>\nAvenida Brasil, n\u00ba 1.111, Jardim Nova Veneza<\/p>\n<p>Droga Raia<br \/>\nAvenida Rebou\u00e7as, n\u00ba 1.302, Centro<\/p>\n<p>Faculdade Polit\u00e9cnica<br \/>\nPra\u00e7a da Rep\u00fablica, n\u00ba 72, Centro<\/p>\n<p><em><strong>SANTO ANT\u00d4NIO DE POSSE<br \/>\n<\/strong><\/em><\/p>\n<p>Diretoria Municipal de Desenvolvimento Social e Cidadania<br \/>\nRua Iasra Hense de Moraes, n\u00ba 137, Centro<\/p>\n<p>Delegacia de Pol\u00edcia<br \/>\nRua Joaquim de Barros Aranha, Centro<\/p>\n<p>Centro de Refer\u00eancia da Assist\u00eancia Social (Cras)<br \/>\nRua Ademir Galo, n\u00ba 33, Vila Esperan\u00e7a<\/p>\n<p><em><strong>INDAIATUBA<br \/>\n<\/strong><\/em><\/p>\n<p>Prefeitura Municipal de Indaiatuba<br \/>\nRua Jacob Lyra, N\u00ba 140, Jardim Esplanada II<\/p>\n<p>Sub-Prefeitura<br \/>\nRua Zephiro Puccinelli, N\u00ba 1.970, Jd. Morada do Sol<\/p>\n<p>Secretaria de Educa\u00e7\u00e3o<br \/>\nAvenida Engenheiro F\u00e1bio Roberto Barnab\u00e9, N\u00ba 3.665 Jardim Regina<\/p>\n<p>SAAE<br \/>\nRua Bernardino de Campos, n\u00ba 799, Centro<\/p>\n<p>Defesa Civil<br \/>\nAvenida Francisco de Paula Leite, n\u00ba 2.263, Jardim Tropical<\/p>\n<p>Delegacia da Mulher<br \/>\nRua Bernardino de Campos, n\u00ba 848, Centro<\/p>\n<p>Col\u00e9gio Renova\u00e7\u00e3o<br \/>\nR. Pe. Bento Pacheco, n\u00ba 3.244<\/p>\n<p>Col\u00e9gio Objetivo<br \/>\nAvenida Engenheiro F\u00e1bio Roberto Barnab\u00e9, n\u00ba 1.400, Ch\u00e1cara Belvedere<\/p>\n<p>Col\u00e9gio Candel\u00e1ria<br \/>\nRua Candel\u00e1ria, n\u00ba 527, Centro<\/p>\n<p>Col\u00e9gio Meta<br \/>\nHerm\u00ednio Steffen, n\u00ba 96, Morada do Sol<\/p>\n<p>Via\u00e7\u00e3o Indaiatubana<br \/>\nRua Siqueira Campos, n\u00ba 331, Centro<\/p>\n<p>Supermercado Pague Menos<br \/>\nAvenida Concei\u00e7\u00e3o, n\u00ba 1.630, Cidade Nova II<\/p>\n<p>Supermercado Pistoni<br \/>\nRua 11 de Junho, n\u00ba 514, Centro<\/p>\n<p><em><strong>\u00c1GUAS DE LIND\u00d3IA<br \/>\n<\/strong><\/em><\/p>\n<p>Escola Estadual Dr. Vicente Rizzo<br \/>\nRua Mogi Mirim, n\u00ba 208, Bela Vista<\/p>\n<p>Igreja Nossa Senhora da Aparecida<\/p>\n<p><em><strong>VINHEDO<\/strong><br \/>\n<\/em><\/p>\n<p>Prefeitura de Vinhedo<br \/>\nRua Humberto Pescarini, n\u00ba 330, Centro<\/p>\n<p>Associa\u00e7\u00e3o Comercial e Industrial de Vinhedo (ACIVI)<br \/>\nRua 21 Dezembro, n\u00ba 90, Centro<\/p>\n<p>Unidades B\u00e1sicas da Sa\u00fade (UBS)<br \/>\nRua Morubixaba s\/n\u00ba, Casa Verde<br \/>\nRua Agenor Gallo, n\u00ba 90, Jardim Tr\u00eas Irm\u00e3os<br \/>\nRua Arthur Biancalana, n\u00ba 120, Vila Jo\u00e3o XXIII<\/p>\n<p>Centro M\u00e9dico Dr. Manoel Matheus Neto<br \/>\nAvenida Pres Castelo Branco, n\u00ba 1.375, Jardim S\u00e3o Matheus<\/p>\n<p>Policl\u00ednica (Capela)<br \/>\nRua Juliana Von Zuben Degelo, n\u00ba 90, Jardim Von Zuben<\/p>\n<p><em><strong>ITAPIRA<br \/>\n<\/strong><\/em><\/p>\n<p>Supermercados Antonelli<br \/>\nRua Soldado Constitucionalista, n\u00ba 64, Jardim Soares<br \/>\nAvenida Bras\u00edlia, n\u00ba 420, Jardim Ivete<\/p>\n<p>Transporte Itapirense Bertini<br \/>\nRua Funabashi Tokuji, n\u00ba 324, Jardim Ivete<\/p>\n<p>Jorsa Embalagens<br \/>\nAvenida An\u00e9sio Bazani, n\u00ba 500, Parque Progresso<\/p>\n<p>Igreja Verdadeiros Adoradores<br \/>\nAvenida dos Juritis, n\u00ba 226, Parque Felicidade<\/p>\n<p>Supermercado Cubat\u00e3o<br \/>\nRua Conselheiro Laurindo, n\u00ba 458, bairro Cubat\u00e3o<\/p>\n<p>1\u00ba Distrito Policial de ITAPIRA<br \/>\nRua Duque de Caxias, n\u00ba 673, Jardim Bela Vista<\/p>\n<p>Virgulino de Oliveira<br \/>\nAv. Com. Virgulino de Oliveira, s\/n, Jardim Ivete<\/p>\n<p>Imbil<br \/>\nRua Jacob Audi, n\u00ba 690, Vila Penha Rio Peixe<\/p>\n<p>F\u00e1brica de papel e papel\u00e3o N.S. da Penha<br \/>\nRua Funabashi Tokuji, n\u00ba 170, Jardim Ivete<\/p>\n<p>Crist\u00e1lia Produtos Qu\u00edmicos Ltda.<br \/>\nAvenida Paoletti, n\u00ba 363, Jardim Bela Vista<\/p>\n<p>Droga Raia<br \/>\nRua Jos\u00e9 Bonif\u00e1cio, n\u00ba 150, Centro<\/p>\n<p>Escola Estadual &#8211; Antonio Caio<br \/>\nRua Major Jo\u00e3o Manoel, s\/n\u00ba, Jardim S\u00e3o Vicente<\/p>\n<p>Escola Estadual Dr J\u00falio de Mesquita<br \/>\nRua Campos Salles, n\u00ba 35, Centro<\/p>\n<p>Escola Estadual Prefeito Munhoz Caetano<br \/>\nAvenida Brasil, n\u00ba 1.942, Parque Felicidade<\/p>\n<p>Escola Estadual Dona Elvira Santos de Oliveira<br \/>\nPra\u00e7a Mogi Mirim, s\/n\u00ba, Santa Cruz<\/p>\n<p><em>Fonte: G1.com<\/em><\/p>\n","protected":false},"excerpt":{"rendered":"<p>Com a chegada do inverno, a campanha do agasalho de 2012 foi intensificada, com a amplia\u00e7\u00e3o do locais para receber as doa\u00e7\u00f5es. A Empresa Metropolitana de Transpostes Urbanos (EMTU) incluiu 32 pontos de coletas \u00e0 campanha. Nesses locais, a arrecada\u00e7\u00e3o segue at\u00e9 o dia 29 de junho. Em 2011, somente a cidade de Campinas arrecadou [&hellip;]<\/p>\n","protected":false},"author":1,"featured_media":0,"comment_status":"open","ping_status":"open","sticky":false,"template":"","format":"standard","meta":{"footnotes":""},"categories":[6],"tags":[14],"class_list":["post-639","post","type-post","status-publish","format-standard","hentry","category-noticias","tag-mogi-mirim"],"_links":{"self":[{"href":"https:\/\/www.encontramogimirim.com.br\/noticias\/wp-json\/wp\/v2\/posts\/639","targetHints":{"allow":["GET"]}}],"collection":[{"href":"https:\/\/www.encontramogimirim.com.br\/noticias\/wp-json\/wp\/v2\/posts"}],"about":[{"href":"https:\/\/www.encontramogimirim.com.br\/noticias\/wp-json\/wp\/v2\/types\/post"}],"author":[{"embeddable":true,"href":"https:\/\/www.encontramogimirim.com.br\/noticias\/wp-json\/wp\/v2\/users\/1"}],"replies":[{"embeddable":true,"href":"https:\/\/www.encontramogimirim.com.br\/noticias\/wp-json\/wp\/v2\/comments?post=639"}],"version-history":[{"count":3,"href":"https:\/\/www.encontramogimirim.com.br\/noticias\/wp-json\/wp\/v2\/posts\/639\/revisions"}],"predecessor-version":[{"id":1435,"href":"https:\/\/www.encontramogimirim.com.br\/noticias\/wp-json\/wp\/v2\/posts\/639\/revisions\/1435"}],"wp:attachment":[{"href":"https:\/\/www.encontramogimirim.com.br\/noticias\/wp-json\/wp\/v2\/media?parent=639"}],"wp:term":[{"taxonomy":"category","embeddable":true,"href":"https:\/\/www.encontramogimirim.com.br\/noticias\/wp-json\/wp\/v2\/categories?post=639"},{"taxonomy":"post_tag","embeddable":true,"href":"https:\/\/www.encontramogimirim.com.br\/noticias\/wp-json\/wp\/v2\/tags?post=639"}],"curies":[{"name":"wp","href":"https:\/\/api.w.org\/{rel}","templated":true}]}}