{"id":641,"date":"2012-06-26T00:01:00","date_gmt":"2012-06-26T02:01:00","guid":{"rendered":"http:\/\/www.encontramogimirim.com.br\/noticias\/?p=641"},"modified":"2013-08-15T12:29:20","modified_gmt":"2013-08-15T14:29:20","slug":"sacolinhas-continuam-vetadas-na-cidade-de-mogi-mirim","status":"publish","type":"post","link":"https:\/\/www.encontramogimirim.com.br\/noticias\/sacolinhas-continuam-vetadas-na-cidade-de-mogi-mirim\/","title":{"rendered":"Sacolinhas continuam vetadas na cidade de Mogi Mirim"},"content":{"rendered":"<p>Mesmo depois que o Minist\u00e9rio P\u00fablico de S\u00e3o Paulo derrubou o TAC (Termo de Ajustamento de Conduta) que previa o fim das sacolinhas pl\u00e1sticas, no \u00faltimo dia 19, ter\u00e7a-feira, os supermercados locais n\u00e3o retomaram a sua distribui\u00e7\u00e3o.<\/p>\n<p>Os empres\u00e1rios aguardam manifesta\u00e7\u00e3o da Apas (Associa\u00e7\u00e3o Paulista de Supermercados), que por sua vez espera intima\u00e7\u00e3o do Minist\u00e9rio P\u00fablico para apresentar uma forma alternativa de prote\u00e7\u00e3o ao consumidor.<\/p>\n<p>O Conselho Superior do Minist\u00e9rio P\u00fablico entendeu que o acordo que aboliu as sacolinhas pl\u00e1sticas fere o C\u00f3digo de Defesa do Consumidor, j\u00e1 que imp\u00f5e aos clientes o custo de arcar com a compra do item que antes era gratuito.<\/p>\n<p>O MP chegou a informar que os supermercados\u00a0estariam obrigados a retomar a distribui\u00e7\u00e3o das sacolinhas, mas voltou atr\u00e1s e esclareceu que os estabelecimentos devem decidir se as distribuir\u00e3o ou n\u00e3o gratuitamente.<\/p>\n<p>A gerente administrativa dos Supermercados Lavap\u00e9s, M\u00f4nica Antunes do Couto, informou que a rede n\u00e3o planeja retomar a distribui\u00e7\u00e3o de sacolas pl\u00e1sticas nesse momento. A rede, com tr\u00eas lojas na cidade, aguarda orienta\u00e7\u00e3o da Apas.<\/p>\n<p>\u201cEnquanto n\u00e3o houver uma posi\u00e7\u00e3o da Apas, n\u00e3o vamos voltar a distribuir as sacolas. A decis\u00e3o do Minist\u00e9rio P\u00fablico n\u00e3o obriga que a distribui\u00e7\u00e3o seja retomada\u201d, argumentou.<\/p>\n<p>Segundo M\u00f4nica, caso seja determinado o retorno da entrega das sacolinhas ao consumidor ser\u00e1 necess\u00e1rio um prazo para adapta\u00e7\u00e3o. \u201cA rede n\u00e3o tem sacolas no estoque e a confec\u00e7\u00e3o personalizada leva cerca de 30 dias\u201d.<\/p>\n<p>Ela avalia que a adapta\u00e7\u00e3o do consumidor j\u00e1 \u00e9 plena. \u201cA maioria j\u00e1 se acostumou, as reclama\u00e7\u00f5es equivalem a 1%\u201d, estimou.<\/p>\n<p>O Carrefour Bairro tamb\u00e9m aguarda orienta\u00e7\u00e3o da rede e n\u00e3o retomou a distribui\u00e7\u00e3o das sacolas pl\u00e1sticas. Segundo a gerente geral do estabelecimento, Maria Aparecida Guedes, a loja local seguir\u00e1 a tend\u00eancia estadual. Ela observa que j\u00e1 houve uma mudan\u00e7a comportamental do consumidor.<\/p>\n<p>\u201cAcho que n\u00e3o \u00e9 o momento de voltar atr\u00e1s nessa quest\u00e3o agora que as pessoas est\u00e3o mais conscientes e j\u00e1 habituadas a trazer a sacola de casa\u201d, disse.<br \/>\nNo Supermercado Horticenter, o propriet\u00e1rio n\u00e3o atendeu a reportagem, mas <em>A COMARCA<\/em> apurou que o estabelecimento tamb\u00e9m manteve o veto \u00e0s sacolas pl\u00e1sticas.<\/p>\n<p><em>Fonte: A COMARCA<\/em><\/p>\n","protected":false},"excerpt":{"rendered":"<p>Mesmo depois que o Minist\u00e9rio P\u00fablico de S\u00e3o Paulo derrubou o TAC (Termo de Ajustamento de Conduta) que previa o fim das sacolinhas pl\u00e1sticas, no \u00faltimo dia 19, ter\u00e7a-feira, os supermercados locais n\u00e3o retomaram a sua distribui\u00e7\u00e3o. Os empres\u00e1rios aguardam manifesta\u00e7\u00e3o da Apas (Associa\u00e7\u00e3o Paulista de Supermercados), que por sua vez espera intima\u00e7\u00e3o do Minist\u00e9rio [&hellip;]<\/p>\n","protected":false},"author":1,"featured_media":0,"comment_status":"open","ping_status":"open","sticky":false,"template":"","format":"standard","meta":{"footnotes":""},"categories":[6],"tags":[14],"class_list":["post-641","post","type-post","status-publish","format-standard","hentry","category-noticias","tag-mogi-mirim"],"_links":{"self":[{"href":"https:\/\/www.encontramogimirim.com.br\/noticias\/wp-json\/wp\/v2\/posts\/641","targetHints":{"allow":["GET"]}}],"collection":[{"href":"https:\/\/www.encontramogimirim.com.br\/noticias\/wp-json\/wp\/v2\/posts"}],"about":[{"href":"https:\/\/www.encontramogimirim.com.br\/noticias\/wp-json\/wp\/v2\/types\/post"}],"author":[{"embeddable":true,"href":"https:\/\/www.encontramogimirim.com.br\/noticias\/wp-json\/wp\/v2\/users\/1"}],"replies":[{"embeddable":true,"href":"https:\/\/www.encontramogimirim.com.br\/noticias\/wp-json\/wp\/v2\/comments?post=641"}],"version-history":[{"count":2,"href":"https:\/\/www.encontramogimirim.com.br\/noticias\/wp-json\/wp\/v2\/posts\/641\/revisions"}],"predecessor-version":[{"id":1220,"href":"https:\/\/www.encontramogimirim.com.br\/noticias\/wp-json\/wp\/v2\/posts\/641\/revisions\/1220"}],"wp:attachment":[{"href":"https:\/\/www.encontramogimirim.com.br\/noticias\/wp-json\/wp\/v2\/media?parent=641"}],"wp:term":[{"taxonomy":"category","embeddable":true,"href":"https:\/\/www.encontramogimirim.com.br\/noticias\/wp-json\/wp\/v2\/categories?post=641"},{"taxonomy":"post_tag","embeddable":true,"href":"https:\/\/www.encontramogimirim.com.br\/noticias\/wp-json\/wp\/v2\/tags?post=641"}],"curies":[{"name":"wp","href":"https:\/\/api.w.org\/{rel}","templated":true}]}}