{"id":652,"date":"2012-06-28T07:13:05","date_gmt":"2012-06-28T09:13:05","guid":{"rendered":"http:\/\/www.encontramogimirim.com.br\/noticias\/?p=652"},"modified":"2013-08-15T12:29:19","modified_gmt":"2013-08-15T14:29:19","slug":"audiencia-discute-situacao-da-igreja-do-carmo-na-5%c2%aa-em-mogi-mirim","status":"publish","type":"post","link":"https:\/\/www.encontramogimirim.com.br\/noticias\/audiencia-discute-situacao-da-igreja-do-carmo-na-5%c2%aa-em-mogi-mirim\/","title":{"rendered":"Audi\u00eancia discute situa\u00e7\u00e3o da Igreja do Carmo na 5\u00aa em Mogi Mirim"},"content":{"rendered":"<p>Est\u00e1 confirmada nesta quinta-feira, dia 28, \u00e0s 19h, na C\u00e2mara, a audi\u00eancia p\u00fablica que discute o impasse que envolve a Igreja do Carmo e o conjunto de pr\u00e9dios Residencial Jardim. Solicitada pelo Movimento Pr\u00f3-Igreja do Carmo, a audi\u00eancia discute o impacto de vizinhan\u00e7a, a altera\u00e7\u00e3o do plano diretor que aprovou a constru\u00e7\u00e3o, bem como o andamento de poss\u00edvel doa\u00e7\u00e3o de terreno ao Educand\u00e1rio.<\/p>\n<p>Uma das l\u00edderes do movimento, Ana Beatriz Abud de Faria, havia solicitado acesso ao estudo de impacto de vizinhan\u00e7a e ao laudo que comprova a estabiliza\u00e7\u00e3o das rachaduras. O requerimento foi feito atrav\u00e9s do vereador Lu\u00eds Roberto Tavares.<\/p>\n<p>\u201cN\u00e3o houve nenhum retorno da <a href=\"http:\/\/www.encontramogimirim.com.br\/mogi-mirim\/prefeitura-mogi-mirim.shtml\" target=\"_blank\">Prefeitura de Mogi Mirim<\/a>\u00a0quanto a esse pedido. Nossa principal preocupa\u00e7\u00e3o \u00e9 que a Prefeitura fa\u00e7a como na \u00faltima reuni\u00e3o e envie t\u00e9cnicos que n\u00e3o participaram do processo de aprova\u00e7\u00e3o do projeto. Isso foi uma manobra, um desrespeito ao patrim\u00f4nio hist\u00f3rico e ao estado democr\u00e1tico. Caso isso aconte\u00e7a vamos fazer constar em ata e tomar provid\u00eancias judiciais\u201d, disparou Ana.<\/p>\n<p><em>Fonte: A COMARCA<\/em><\/p>\n","protected":false},"excerpt":{"rendered":"<p>Est\u00e1 confirmada nesta quinta-feira, dia 28, \u00e0s 19h, na C\u00e2mara, a audi\u00eancia p\u00fablica que discute o impasse que envolve a Igreja do Carmo e o conjunto de pr\u00e9dios Residencial Jardim. Solicitada pelo Movimento Pr\u00f3-Igreja do Carmo, a audi\u00eancia discute o impacto de vizinhan\u00e7a, a altera\u00e7\u00e3o do plano diretor que aprovou a constru\u00e7\u00e3o, bem como o [&hellip;]<\/p>\n","protected":false},"author":1,"featured_media":0,"comment_status":"open","ping_status":"open","sticky":false,"template":"","format":"standard","meta":{"footnotes":""},"categories":[6],"tags":[14],"class_list":["post-652","post","type-post","status-publish","format-standard","hentry","category-noticias","tag-mogi-mirim"],"_links":{"self":[{"href":"https:\/\/www.encontramogimirim.com.br\/noticias\/wp-json\/wp\/v2\/posts\/652","targetHints":{"allow":["GET"]}}],"collection":[{"href":"https:\/\/www.encontramogimirim.com.br\/noticias\/wp-json\/wp\/v2\/posts"}],"about":[{"href":"https:\/\/www.encontramogimirim.com.br\/noticias\/wp-json\/wp\/v2\/types\/post"}],"author":[{"embeddable":true,"href":"https:\/\/www.encontramogimirim.com.br\/noticias\/wp-json\/wp\/v2\/users\/1"}],"replies":[{"embeddable":true,"href":"https:\/\/www.encontramogimirim.com.br\/noticias\/wp-json\/wp\/v2\/comments?post=652"}],"version-history":[{"count":3,"href":"https:\/\/www.encontramogimirim.com.br\/noticias\/wp-json\/wp\/v2\/posts\/652\/revisions"}],"predecessor-version":[{"id":1213,"href":"https:\/\/www.encontramogimirim.com.br\/noticias\/wp-json\/wp\/v2\/posts\/652\/revisions\/1213"}],"wp:attachment":[{"href":"https:\/\/www.encontramogimirim.com.br\/noticias\/wp-json\/wp\/v2\/media?parent=652"}],"wp:term":[{"taxonomy":"category","embeddable":true,"href":"https:\/\/www.encontramogimirim.com.br\/noticias\/wp-json\/wp\/v2\/categories?post=652"},{"taxonomy":"post_tag","embeddable":true,"href":"https:\/\/www.encontramogimirim.com.br\/noticias\/wp-json\/wp\/v2\/tags?post=652"}],"curies":[{"name":"wp","href":"https:\/\/api.w.org\/{rel}","templated":true}]}}