{"id":657,"date":"2012-07-02T00:02:22","date_gmt":"2012-07-02T02:02:22","guid":{"rendered":"http:\/\/www.encontramogimirim.com.br\/noticias\/?p=657"},"modified":"2013-08-15T12:29:33","modified_gmt":"2013-08-15T14:29:33","slug":"a-audiencia-publica-que-debateria-a-questao-da-igreja-nossa-senhora-do-carmo-em-mogi-mirim-foi-adiada","status":"publish","type":"post","link":"https:\/\/www.encontramogimirim.com.br\/noticias\/a-audiencia-publica-que-debateria-a-questao-da-igreja-nossa-senhora-do-carmo-em-mogi-mirim-foi-adiada\/","title":{"rendered":"A audi\u00eancia p\u00fablica que debateria a quest\u00e3o da Igreja Nossa Senhora do Carmo em Mogi Mirim foi adiada"},"content":{"rendered":"<p>A audi\u00eancia p\u00fablica que debateria a quest\u00e3o da Igreja Nossa Senhora do Carmo, abalada por trincas e rachaduras desde fevereiro, inicialmente agendada no \u00faltimo dia 28 de junho\u00a0\u00e0 noite no plen\u00e1rio da <a href=\"http:\/\/www.encontramogimirim.com.br\/mogi-mirim\/camara-municipal-em-mogi-mirim.shtml\" target=\"_blank\">C\u00e2mara Municipal de Mogi Mirim<\/a>, foi adiada.<\/p>\n<p>O pedido foi realizado pelo Movimento Prol Igreja do Carmo, justamente, o \u00f3rg\u00e3o que havia solicitado a audi\u00eancia.<\/p>\n<p>A alega\u00e7\u00e3o \u00e9 a falta de documentos do Centro de Apoio Operacional \u00e0 Execu\u00e7\u00e3o (CAEx), \u00f3rg\u00e3o ligado ao Minist\u00e9rio P\u00fablico de S\u00e3o Paulo, que vistoriou o pr\u00e9dio da igreja em 6 de junho.<\/p>\n<p>A nova data para audi\u00eancia ainda n\u00e3o est\u00e1 marcada. n\u00e3o est\u00e1 marcada. \u201cO laudo do CAEx deve ficar pronto nesta semana, sem essas informa\u00e7\u00f5es n\u00e3o vamos expor o movimento.<\/p>\n<p>Precisamos de um argumento mais imparcial\u201d, justificou Ana Beatriz Abud de Faria, uma das coordenadoras do movimento popular, explicando o motivo que levou ao pedido de cancelamento.<\/p>\n<p>N\u00e3o \u00e9 necess\u00e1rio novo requerimento e aprova\u00e7\u00e3o dos vereadores para a nova data da audi\u00eancia.<\/p>\n<p><em>Fonte: O Popular<\/em><\/p>\n","protected":false},"excerpt":{"rendered":"<p>A audi\u00eancia p\u00fablica que debateria a quest\u00e3o da Igreja Nossa Senhora do Carmo, abalada por trincas e rachaduras desde fevereiro, inicialmente agendada no \u00faltimo dia 28 de junho\u00a0\u00e0 noite no plen\u00e1rio da C\u00e2mara Municipal de Mogi Mirim, foi adiada. O pedido foi realizado pelo Movimento Prol Igreja do Carmo, justamente, o \u00f3rg\u00e3o que havia solicitado [&hellip;]<\/p>\n","protected":false},"author":1,"featured_media":0,"comment_status":"open","ping_status":"open","sticky":false,"template":"","format":"standard","meta":{"footnotes":""},"categories":[6],"tags":[14],"class_list":["post-657","post","type-post","status-publish","format-standard","hentry","category-noticias","tag-mogi-mirim"],"_links":{"self":[{"href":"https:\/\/www.encontramogimirim.com.br\/noticias\/wp-json\/wp\/v2\/posts\/657","targetHints":{"allow":["GET"]}}],"collection":[{"href":"https:\/\/www.encontramogimirim.com.br\/noticias\/wp-json\/wp\/v2\/posts"}],"about":[{"href":"https:\/\/www.encontramogimirim.com.br\/noticias\/wp-json\/wp\/v2\/types\/post"}],"author":[{"embeddable":true,"href":"https:\/\/www.encontramogimirim.com.br\/noticias\/wp-json\/wp\/v2\/users\/1"}],"replies":[{"embeddable":true,"href":"https:\/\/www.encontramogimirim.com.br\/noticias\/wp-json\/wp\/v2\/comments?post=657"}],"version-history":[{"count":2,"href":"https:\/\/www.encontramogimirim.com.br\/noticias\/wp-json\/wp\/v2\/posts\/657\/revisions"}],"predecessor-version":[{"id":1412,"href":"https:\/\/www.encontramogimirim.com.br\/noticias\/wp-json\/wp\/v2\/posts\/657\/revisions\/1412"}],"wp:attachment":[{"href":"https:\/\/www.encontramogimirim.com.br\/noticias\/wp-json\/wp\/v2\/media?parent=657"}],"wp:term":[{"taxonomy":"category","embeddable":true,"href":"https:\/\/www.encontramogimirim.com.br\/noticias\/wp-json\/wp\/v2\/categories?post=657"},{"taxonomy":"post_tag","embeddable":true,"href":"https:\/\/www.encontramogimirim.com.br\/noticias\/wp-json\/wp\/v2\/tags?post=657"}],"curies":[{"name":"wp","href":"https:\/\/api.w.org\/{rel}","templated":true}]}}