{"id":659,"date":"2012-07-03T00:01:33","date_gmt":"2012-07-03T02:01:33","guid":{"rendered":"http:\/\/www.encontramogimirim.com.br\/noticias\/?p=659"},"modified":"2013-08-15T12:29:20","modified_gmt":"2013-08-15T14:29:20","slug":"ubs-do-estado-em-mogi-mirim-apresenta-precariedade","status":"publish","type":"post","link":"https:\/\/www.encontramogimirim.com.br\/noticias\/ubs-do-estado-em-mogi-mirim-apresenta-precariedade\/","title":{"rendered":"UBS do Estado em Mogi Mirim apresenta precariedade"},"content":{"rendered":"<p>O pr\u00e9dio em que funciona h\u00e1 12 anos a UBS (Unidade B\u00e1sica de Sa\u00fade) do Parque do Estado II, na zona Norte, apresenta condi\u00e7\u00f5es f\u00edsicas prec\u00e1rias. O im\u00f3vel\u00a0alugado est\u00e1 localizado \u00e0 Rua Luiz Edne Bueno, 194.<\/p>\n<p>Os problemas na estrutura f\u00edsica s\u00e3o vis\u00edveis. H\u00e1 sinais de trincas e rachaduras por toda a extens\u00e3o do muro. \u00c9 notado tamb\u00e9m que v\u00e1rios peda\u00e7os do reboco j\u00e1 se soltaram.<\/p>\n<p>Na \u00e1rea coberta em que se localizam os medidores de \u00e1gua e de energia, a pintura desgastada soma-se com as rachaduras e com poss\u00edvel a\u00e7\u00e3o de v\u00e2ndalos.<\/p>\n<p>A porta de prote\u00e7\u00e3o do rel\u00f3gio de energia foi entortada e est\u00e1 presa apenas por um cadeado. Em consequ\u00eancia, os fios el\u00e9tricos ficaram expostos.<br \/>\nNos port\u00f5es de entrada, a parte inferior d\u00e1 sinais de apodrecimento.<\/p>\n<p>Pessoas portadoras de defici\u00eancia f\u00edsica ou com dificuldade de locomo\u00e7\u00e3o enfrentam problemas para ter acesso ao posto. S\u00e3o sete degraus at\u00e9 alcan\u00e7ar o interior do im\u00f3vel.<\/p>\n<p>Uma rampa para a entrada de ve\u00edculos poderia ser a alternativa, se n\u00e3o fosse o fato de que a falta de fechadura impede que o port\u00e3o para a garagem seja aberto.<\/p>\n<p>Dentro do im\u00f3vel, os problemas n\u00e3o s\u00e3o menores. No c\u00f4modo de entrada, funcion\u00e1rios trabalham espremidos, dividindo espa\u00e7o com estantes, o que dificulta a sua locomo\u00e7\u00e3o.<\/p>\n<p>Salas localizadas em uma ed\u00edcula nos fundos da casa funcionam tamb\u00e9m como consult\u00f3rio. No local, h\u00e1 macas em que os pacientes s\u00e3o atendidos. Para chegar \u00e0 ed\u00edcula \u00e9 necess\u00e1rio passar pela cozinha e pelos demais c\u00f4modos.<\/p>\n<p>Andressa Baitelo, que mora ao lado do posto, confirma que o local n\u00e3o tem estrutura adequada. \u201cN\u00e3o tem condi\u00e7\u00e3o, n\u00e3o tem estrutura decente. \u00c9 tudo na improvisa\u00e7\u00e3o. \u00c9 tudo repartido com madeira, n\u00e3o tem parede\u201d, relatou.<\/p>\n<p>\u201cL\u00e1 dentro \u2018t\u00e1\u2019 tudo caindo\u201d, completou a amiga Maria Auxiliadora da Silva. Tereza de Almeida Azevedo tamb\u00e9m reclama da situa\u00e7\u00e3o. \u201cPrecisa mudar. A estrutura est\u00e1 muito acabada, n\u00e3o tem sala de espera adequada\u201d, disse, sentada em um banco de madeira na sala de espera improvisada na garagem. \u201c\u00c9 dif\u00edcil para n\u00f3s, para os m\u00e9dicos e para os funcion\u00e1rios tamb\u00e9m\u201d, ressaltou.<\/p>\n<p>A\u00a0<a href=\"http:\/\/www.encontramogimirim.com.br\/mogi-mirim\/prefeitura-mogi-mirim.shtml\" target=\"_blank\">Prefeitura de Mogi Mirim<\/a>\u00a0n\u00e3o respondeu os questionamentos sobre as instala\u00e7\u00f5es da UBS que funciona no bairro.<\/p>\n<p><em>Fonte: A COMARCA<\/em><\/p>\n<p>&nbsp;<\/p>\n","protected":false},"excerpt":{"rendered":"<p>O pr\u00e9dio em que funciona h\u00e1 12 anos a UBS (Unidade B\u00e1sica de Sa\u00fade) do Parque do Estado II, na zona Norte, apresenta condi\u00e7\u00f5es f\u00edsicas prec\u00e1rias. O im\u00f3vel\u00a0alugado est\u00e1 localizado \u00e0 Rua Luiz Edne Bueno, 194. Os problemas na estrutura f\u00edsica s\u00e3o vis\u00edveis. H\u00e1 sinais de trincas e rachaduras por toda a extens\u00e3o do muro. [&hellip;]<\/p>\n","protected":false},"author":1,"featured_media":0,"comment_status":"open","ping_status":"open","sticky":false,"template":"","format":"standard","meta":{"footnotes":""},"categories":[6],"tags":[14],"class_list":["post-659","post","type-post","status-publish","format-standard","hentry","category-noticias","tag-mogi-mirim"],"_links":{"self":[{"href":"https:\/\/www.encontramogimirim.com.br\/noticias\/wp-json\/wp\/v2\/posts\/659","targetHints":{"allow":["GET"]}}],"collection":[{"href":"https:\/\/www.encontramogimirim.com.br\/noticias\/wp-json\/wp\/v2\/posts"}],"about":[{"href":"https:\/\/www.encontramogimirim.com.br\/noticias\/wp-json\/wp\/v2\/types\/post"}],"author":[{"embeddable":true,"href":"https:\/\/www.encontramogimirim.com.br\/noticias\/wp-json\/wp\/v2\/users\/1"}],"replies":[{"embeddable":true,"href":"https:\/\/www.encontramogimirim.com.br\/noticias\/wp-json\/wp\/v2\/comments?post=659"}],"version-history":[{"count":10,"href":"https:\/\/www.encontramogimirim.com.br\/noticias\/wp-json\/wp\/v2\/posts\/659\/revisions"}],"predecessor-version":[{"id":1228,"href":"https:\/\/www.encontramogimirim.com.br\/noticias\/wp-json\/wp\/v2\/posts\/659\/revisions\/1228"}],"wp:attachment":[{"href":"https:\/\/www.encontramogimirim.com.br\/noticias\/wp-json\/wp\/v2\/media?parent=659"}],"wp:term":[{"taxonomy":"category","embeddable":true,"href":"https:\/\/www.encontramogimirim.com.br\/noticias\/wp-json\/wp\/v2\/categories?post=659"},{"taxonomy":"post_tag","embeddable":true,"href":"https:\/\/www.encontramogimirim.com.br\/noticias\/wp-json\/wp\/v2\/tags?post=659"}],"curies":[{"name":"wp","href":"https:\/\/api.w.org\/{rel}","templated":true}]}}