{"id":673,"date":"2012-07-05T20:30:41","date_gmt":"2012-07-05T22:30:41","guid":{"rendered":"http:\/\/www.encontramogimirim.com.br\/noticias\/?p=673"},"modified":"2013-08-15T12:29:26","modified_gmt":"2013-08-15T14:29:26","slug":"sabado-e-o-dia-d-da-vacinacao-contra-paralisia-infantil-em-mogi-mirim","status":"publish","type":"post","link":"https:\/\/www.encontramogimirim.com.br\/noticias\/sabado-e-o-dia-d-da-vacinacao-contra-paralisia-infantil-em-mogi-mirim\/","title":{"rendered":"S\u00e1bado \u00e9 o Dia D da vacina\u00e7\u00e3o contra paralisia infantil em Mogi Mirim"},"content":{"rendered":"<p>O Departamento de Sa\u00fade vacinou 79,39% das crian\u00e7as menores de cinco anos desde o in\u00edcio da Campanha contra a Paralisia Infantil.<\/p>\n<p>O percentual representa 4.160 crian\u00e7as, sendo 851 menores de 1 ano; 778 de 1 ano; 791 de 2 anos; 866 de 3 anos e 874 de 4 anos.<\/p>\n<p>A campanha acontece at\u00e9 o dia 06 de julho em Mogi Mirim.<\/p>\n<p>As doses est\u00e3o dispon\u00edveis nas UBS (Unidades B\u00e1sicas de Sa\u00fade).<\/p>\n<p>Todas as crian\u00e7as que possuem idade entre 0 e 5 anos ter\u00e3o de receber a dose da vacina contra a paralisia infantil. O pai ou respons\u00e1vel dever\u00e1 apresentar a caderneta de vacina\u00e7\u00e3o.<\/p>\n<p>A previs\u00e3o \u00e9 que cerca de 5.300 crian\u00e7as sejam imunizadas.<\/p>\n<p><em>Fonte: Prefeitura Municipal de Mogi Mirim\u00a0<\/em><\/p>\n","protected":false},"excerpt":{"rendered":"<p>O Departamento de Sa\u00fade vacinou 79,39% das crian\u00e7as menores de cinco anos desde o in\u00edcio da Campanha contra a Paralisia Infantil. O percentual representa 4.160 crian\u00e7as, sendo 851 menores de 1 ano; 778 de 1 ano; 791 de 2 anos; 866 de 3 anos e 874 de 4 anos. A campanha acontece at\u00e9 o dia [&hellip;]<\/p>\n","protected":false},"author":1,"featured_media":0,"comment_status":"open","ping_status":"open","sticky":false,"template":"","format":"standard","meta":{"footnotes":""},"categories":[6],"tags":[14],"class_list":["post-673","post","type-post","status-publish","format-standard","hentry","category-noticias","tag-mogi-mirim"],"_links":{"self":[{"href":"https:\/\/www.encontramogimirim.com.br\/noticias\/wp-json\/wp\/v2\/posts\/673","targetHints":{"allow":["GET"]}}],"collection":[{"href":"https:\/\/www.encontramogimirim.com.br\/noticias\/wp-json\/wp\/v2\/posts"}],"about":[{"href":"https:\/\/www.encontramogimirim.com.br\/noticias\/wp-json\/wp\/v2\/types\/post"}],"author":[{"embeddable":true,"href":"https:\/\/www.encontramogimirim.com.br\/noticias\/wp-json\/wp\/v2\/users\/1"}],"replies":[{"embeddable":true,"href":"https:\/\/www.encontramogimirim.com.br\/noticias\/wp-json\/wp\/v2\/comments?post=673"}],"version-history":[{"count":5,"href":"https:\/\/www.encontramogimirim.com.br\/noticias\/wp-json\/wp\/v2\/posts\/673\/revisions"}],"predecessor-version":[{"id":676,"href":"https:\/\/www.encontramogimirim.com.br\/noticias\/wp-json\/wp\/v2\/posts\/673\/revisions\/676"}],"wp:attachment":[{"href":"https:\/\/www.encontramogimirim.com.br\/noticias\/wp-json\/wp\/v2\/media?parent=673"}],"wp:term":[{"taxonomy":"category","embeddable":true,"href":"https:\/\/www.encontramogimirim.com.br\/noticias\/wp-json\/wp\/v2\/categories?post=673"},{"taxonomy":"post_tag","embeddable":true,"href":"https:\/\/www.encontramogimirim.com.br\/noticias\/wp-json\/wp\/v2\/tags?post=673"}],"curies":[{"name":"wp","href":"https:\/\/api.w.org\/{rel}","templated":true}]}}