{"id":679,"date":"2012-07-06T18:35:32","date_gmt":"2012-07-06T20:35:32","guid":{"rendered":"http:\/\/www.encontramogimirim.com.br\/noticias\/?p=679"},"modified":"2013-08-15T12:29:19","modified_gmt":"2013-08-15T14:29:19","slug":"prefeitura-de-mogi-mirim-realiza-simultaneamente-duas-obras-no-distrito-de-martim-francisco","status":"publish","type":"post","link":"https:\/\/www.encontramogimirim.com.br\/noticias\/prefeitura-de-mogi-mirim-realiza-simultaneamente-duas-obras-no-distrito-de-martim-francisco\/","title":{"rendered":"Prefeitura de Mogi Mirim realiza simultaneamente duas obras no Distrito de Martim Francisco"},"content":{"rendered":"<p>Est\u00e3o sendo feitas a amplia\u00e7\u00e3o e reforma da Unidade B\u00e1sica de Sa\u00fade (UBS) \u201cDr. Hermes de Ara\u00fajo Neto\u201d e reforma do Centro Municipal da Primeira Inf\u00e2ncia (Cempi) \u201cMaria Jos\u00e9 Brand\u00e3o Bueno\u201d.<br \/>\nCom investimento de aproximadamente R$ 211 mil, a UBS ter\u00e1 aumento da sala de espera e constru\u00e7\u00e3o de banheiro com acessibilidade, dep\u00f3sito de res\u00edduos e de materiais descart\u00e1veis.<\/p>\n<p>A reforma compreende a troca de piso e de revestimento em toda unidade, revis\u00e3o das instala\u00e7\u00f5es el\u00e9tricas, hidr\u00e1ulicas, do telhado e pintura.<\/p>\n<p>A obra j\u00e1 est\u00e1 em execu\u00e7\u00e3o e prazo de conclus\u00e3o dos servi\u00e7os \u00e9 dezembro. A empresa respons\u00e1vel \u00e9 Enplacon Engenharia, Planejamento e Constru\u00e7\u00e3o Ltda.<\/p>\n<p>J\u00e1 a reforma do Cempi contempla a troca de pisos e azulejos em todo o pr\u00e9dio. Os banheiros, cozinha e lavanderia est\u00e3o em reformas mais espec\u00edficas, est\u00e1 sendo realizada revis\u00e3o das partes el\u00e9tricas, hidr\u00e1ulicas, no telhado e pinturas.<\/p>\n<p>A empresa C\u00e1ceres &amp; Cia Ltda tem at\u00e9 outubro para conclus\u00e3o das obras.<\/p>\n<p>O valor investido \u00e9 de aproximadamente R$ 213 mil.<\/p>\n<p>De acordo com o Departamento de Obras, os servi\u00e7os est\u00e3o de acordo com o cronograma estabelecido.<\/p>\n<p><em>Fonte: Prefeitura de Mogi Mirim<\/em><\/p>\n","protected":false},"excerpt":{"rendered":"<p>Est\u00e3o sendo feitas a amplia\u00e7\u00e3o e reforma da Unidade B\u00e1sica de Sa\u00fade (UBS) \u201cDr. Hermes de Ara\u00fajo Neto\u201d e reforma do Centro Municipal da Primeira Inf\u00e2ncia (Cempi) \u201cMaria Jos\u00e9 Brand\u00e3o Bueno\u201d. Com investimento de aproximadamente R$ 211 mil, a UBS ter\u00e1 aumento da sala de espera e constru\u00e7\u00e3o de banheiro com acessibilidade, dep\u00f3sito de res\u00edduos [&hellip;]<\/p>\n","protected":false},"author":1,"featured_media":0,"comment_status":"open","ping_status":"open","sticky":false,"template":"","format":"standard","meta":{"footnotes":""},"categories":[6],"tags":[14],"class_list":["post-679","post","type-post","status-publish","format-standard","hentry","category-noticias","tag-mogi-mirim"],"_links":{"self":[{"href":"https:\/\/www.encontramogimirim.com.br\/noticias\/wp-json\/wp\/v2\/posts\/679","targetHints":{"allow":["GET"]}}],"collection":[{"href":"https:\/\/www.encontramogimirim.com.br\/noticias\/wp-json\/wp\/v2\/posts"}],"about":[{"href":"https:\/\/www.encontramogimirim.com.br\/noticias\/wp-json\/wp\/v2\/types\/post"}],"author":[{"embeddable":true,"href":"https:\/\/www.encontramogimirim.com.br\/noticias\/wp-json\/wp\/v2\/users\/1"}],"replies":[{"embeddable":true,"href":"https:\/\/www.encontramogimirim.com.br\/noticias\/wp-json\/wp\/v2\/comments?post=679"}],"version-history":[{"count":2,"href":"https:\/\/www.encontramogimirim.com.br\/noticias\/wp-json\/wp\/v2\/posts\/679\/revisions"}],"predecessor-version":[{"id":1214,"href":"https:\/\/www.encontramogimirim.com.br\/noticias\/wp-json\/wp\/v2\/posts\/679\/revisions\/1214"}],"wp:attachment":[{"href":"https:\/\/www.encontramogimirim.com.br\/noticias\/wp-json\/wp\/v2\/media?parent=679"}],"wp:term":[{"taxonomy":"category","embeddable":true,"href":"https:\/\/www.encontramogimirim.com.br\/noticias\/wp-json\/wp\/v2\/categories?post=679"},{"taxonomy":"post_tag","embeddable":true,"href":"https:\/\/www.encontramogimirim.com.br\/noticias\/wp-json\/wp\/v2\/tags?post=679"}],"curies":[{"name":"wp","href":"https:\/\/api.w.org\/{rel}","templated":true}]}}