{"id":683,"date":"2012-07-13T00:11:49","date_gmt":"2012-07-13T02:11:49","guid":{"rendered":"http:\/\/www.encontramogimirim.com.br\/noticias\/?p=683"},"modified":"2013-08-15T12:29:20","modified_gmt":"2013-08-15T14:29:20","slug":"imoveis-do-programa-minha-casa-ainda-nao-tem-coleta-de-lixo-em-mogi-mirim","status":"publish","type":"post","link":"https:\/\/www.encontramogimirim.com.br\/noticias\/imoveis-do-programa-minha-casa-ainda-nao-tem-coleta-de-lixo-em-mogi-mirim\/","title":{"rendered":"Imov\u00e9is do programa &#8216;Minha Casa&#8217; ainda n\u00e3o tem coleta de lixo em Mogi Mirim"},"content":{"rendered":"<p>Uma semana depois da entrega dos im\u00f3veis do programa \u201cMinha Casa, Minha Vida\u201d, no Jardim Planalto, o bairro ainda n\u00e3o conta com servi\u00e7o de coleta de lixo. Grande quantidade de sacos de lixo permanece em frente \u00e0s resid\u00eancias e a demora da coleta come\u00e7a a preocupar as fam\u00edlias.<\/p>\n<p><em>A COMARCA<\/em> esteve ontem no local e constatou que o servi\u00e7o est\u00e1 normalizado na regi\u00e3o, exceto no Residencial Floresta, formado pelas moradias do \u201cMinha Casa\u201d. Maria Rosa Guerreiro mudou para o bairro no domingo, dia 1\u00ba. Desde ent\u00e3o, contou, o lixo dom\u00e9stico n\u00e3o foi coletado. \u201cTem pessoas que est\u00e3o ateando fogo no lixo para n\u00e3o ficar parado\u201d, revelou.<\/p>\n<p>O mesmo problema foi relatado pela dona de casa Edinalva Maria da Silva. \u201cJ\u00e1 transferi meus filhos para a escola do bairro, s\u00f3 est\u00e1 faltando a coleta de lixo\u201d.<\/p>\n<p>O diretor do DSM (Departamento de Servi\u00e7os Municipais), Luiz Rodrigo Sernaglia, informou que o requerimento para que a Construrban inicie a coleta s\u00f3 foi realizado no in\u00edcio da semana. Segundo ele, a coleta deve ser iniciada a partir de hoje e ser\u00e1 feita \u00e0s ter\u00e7as, quintas e s\u00e1bados.<\/p>\n<p>Outra reivindica\u00e7\u00e3o dos moradores \u00e9 a instala\u00e7\u00e3o de lombadas nas ruas. \u201cOs motociclistas andam em alta velocidade aqui. A <a href=\"http:\/\/www.encontramogimirim.com.br\/mogi-mirim\/prefeitura-mogi-mirim.shtml\" target=\"_blank\">Prefeitura \u00a0de Mogi Mirim<\/a> precisa colocar lombadas antes que aconte\u00e7a o pior\u201d, disse Da\u00edlva Soares Camargo, prevendo atropelamentos.<\/p>\n<p><em>Fonte: A Comarca<\/em><\/p>\n","protected":false},"excerpt":{"rendered":"<p>Uma semana depois da entrega dos im\u00f3veis do programa \u201cMinha Casa, Minha Vida\u201d, no Jardim Planalto, o bairro ainda n\u00e3o conta com servi\u00e7o de coleta de lixo. Grande quantidade de sacos de lixo permanece em frente \u00e0s resid\u00eancias e a demora da coleta come\u00e7a a preocupar as fam\u00edlias. A COMARCA esteve ontem no local e [&hellip;]<\/p>\n","protected":false},"author":1,"featured_media":0,"comment_status":"open","ping_status":"open","sticky":false,"template":"","format":"standard","meta":{"footnotes":""},"categories":[6],"tags":[14],"class_list":["post-683","post","type-post","status-publish","format-standard","hentry","category-noticias","tag-mogi-mirim"],"_links":{"self":[{"href":"https:\/\/www.encontramogimirim.com.br\/noticias\/wp-json\/wp\/v2\/posts\/683","targetHints":{"allow":["GET"]}}],"collection":[{"href":"https:\/\/www.encontramogimirim.com.br\/noticias\/wp-json\/wp\/v2\/posts"}],"about":[{"href":"https:\/\/www.encontramogimirim.com.br\/noticias\/wp-json\/wp\/v2\/types\/post"}],"author":[{"embeddable":true,"href":"https:\/\/www.encontramogimirim.com.br\/noticias\/wp-json\/wp\/v2\/users\/1"}],"replies":[{"embeddable":true,"href":"https:\/\/www.encontramogimirim.com.br\/noticias\/wp-json\/wp\/v2\/comments?post=683"}],"version-history":[{"count":4,"href":"https:\/\/www.encontramogimirim.com.br\/noticias\/wp-json\/wp\/v2\/posts\/683\/revisions"}],"predecessor-version":[{"id":1229,"href":"https:\/\/www.encontramogimirim.com.br\/noticias\/wp-json\/wp\/v2\/posts\/683\/revisions\/1229"}],"wp:attachment":[{"href":"https:\/\/www.encontramogimirim.com.br\/noticias\/wp-json\/wp\/v2\/media?parent=683"}],"wp:term":[{"taxonomy":"category","embeddable":true,"href":"https:\/\/www.encontramogimirim.com.br\/noticias\/wp-json\/wp\/v2\/categories?post=683"},{"taxonomy":"post_tag","embeddable":true,"href":"https:\/\/www.encontramogimirim.com.br\/noticias\/wp-json\/wp\/v2\/tags?post=683"}],"curies":[{"name":"wp","href":"https:\/\/api.w.org\/{rel}","templated":true}]}}