{"id":688,"date":"2012-07-16T06:30:43","date_gmt":"2012-07-16T08:30:43","guid":{"rendered":"http:\/\/www.encontramogimirim.com.br\/noticias\/?p=688"},"modified":"2013-08-15T12:29:28","modified_gmt":"2013-08-15T14:29:28","slug":"aprovado-restauro-da-coronel-venancio-em-mogi-mirim","status":"publish","type":"post","link":"https:\/\/www.encontramogimirim.com.br\/noticias\/aprovado-restauro-da-coronel-venancio-em-mogi-mirim\/","title":{"rendered":"Aprovado restauro da &#8216;Coronel Ven\u00e2ncio&#8217; em Mogi Mirim"},"content":{"rendered":"<p>Com custo de R$ 1,7 milh\u00e3o, foi aprovado o processo de restauro da Escola Estadual \u201cCoronel Ven\u00e2ncio\u201d. A formaliza\u00e7\u00e3o foi publicada no Di\u00e1rio Oficial do Estado. A verba ser\u00e1 repassada pela FDE (Funda\u00e7\u00e3o para o Desenvolvimento da Educa\u00e7\u00e3o).<\/p>\n<p>Segundo informa\u00e7\u00f5es da assessoria de imprensa do FDE, o processo est\u00e1 em fase de licita\u00e7\u00e3o para contrata\u00e7\u00e3o da empresa que realizar\u00e1 a obra. O in\u00edcio dos trabalhos depende da conclus\u00e3o desse tr\u00e2mite. O prazo para conclus\u00e3o da obra \u00e9 de 360 dias a partir de seu in\u00edcio.<\/p>\n<p>A obra contemplar\u00e1 restauro das fachadas, reforma da cobertura, refor\u00e7o das funda\u00e7\u00f5es, elimina\u00e7\u00e3o de focos de cupins, execu\u00e7\u00e3o de sistema de combate a inc\u00eandio e de prote\u00e7\u00e3o contra descargas atmosf\u00e9ricas.<\/p>\n<p>Ser\u00e3o restaurados ainda forros, pisos, esquadrias, port\u00f5es, gradis e fechamento de setoriza\u00e7\u00e3o e port\u00f5es. As instala\u00e7\u00f5es hidr\u00e1ulicas e el\u00e9tricas ser\u00e3o revisadas e a obra inclui reforma da cozinha, despensa, refeit\u00f3rio e sanit\u00e1rios, al\u00e9m de pintura de todo o pr\u00e9dio.<\/p>\n<p><em>A COMARCA<\/em> apurou que ser\u00e1 organizada uma cerim\u00f4nia na escola para anunciar a aprova\u00e7\u00e3o da reforma. O Grupo Escolar \u201cCoronel Ven\u00e2ncio\u201d foi fundado em 1900 e homenageia o primeiro prefeito de Mogi Mirim, Coronel Ven\u00e2ncio Ferreira Alves Adorno. O pr\u00e9dio \u00e9 tombado pelo Condephaat (Conselho de Defesa do Patrim\u00f4nio Hist\u00f3rico, Arqueol\u00f3gico, Arquitet\u00f4nico e Tur\u00edstico do Estado de S\u00e3o Paulo).<\/p>\n<p><em>Fonte: A Comarca<\/em><\/p>\n","protected":false},"excerpt":{"rendered":"<p>Com custo de R$ 1,7 milh\u00e3o, foi aprovado o processo de restauro da Escola Estadual \u201cCoronel Ven\u00e2ncio\u201d. A formaliza\u00e7\u00e3o foi publicada no Di\u00e1rio Oficial do Estado. A verba ser\u00e1 repassada pela FDE (Funda\u00e7\u00e3o para o Desenvolvimento da Educa\u00e7\u00e3o). Segundo informa\u00e7\u00f5es da assessoria de imprensa do FDE, o processo est\u00e1 em fase de licita\u00e7\u00e3o para contrata\u00e7\u00e3o [&hellip;]<\/p>\n","protected":false},"author":1,"featured_media":0,"comment_status":"open","ping_status":"open","sticky":false,"template":"","format":"standard","meta":{"footnotes":""},"categories":[6],"tags":[14],"class_list":["post-688","post","type-post","status-publish","format-standard","hentry","category-noticias","tag-mogi-mirim"],"_links":{"self":[{"href":"https:\/\/www.encontramogimirim.com.br\/noticias\/wp-json\/wp\/v2\/posts\/688","targetHints":{"allow":["GET"]}}],"collection":[{"href":"https:\/\/www.encontramogimirim.com.br\/noticias\/wp-json\/wp\/v2\/posts"}],"about":[{"href":"https:\/\/www.encontramogimirim.com.br\/noticias\/wp-json\/wp\/v2\/types\/post"}],"author":[{"embeddable":true,"href":"https:\/\/www.encontramogimirim.com.br\/noticias\/wp-json\/wp\/v2\/users\/1"}],"replies":[{"embeddable":true,"href":"https:\/\/www.encontramogimirim.com.br\/noticias\/wp-json\/wp\/v2\/comments?post=688"}],"version-history":[{"count":2,"href":"https:\/\/www.encontramogimirim.com.br\/noticias\/wp-json\/wp\/v2\/posts\/688\/revisions"}],"predecessor-version":[{"id":1324,"href":"https:\/\/www.encontramogimirim.com.br\/noticias\/wp-json\/wp\/v2\/posts\/688\/revisions\/1324"}],"wp:attachment":[{"href":"https:\/\/www.encontramogimirim.com.br\/noticias\/wp-json\/wp\/v2\/media?parent=688"}],"wp:term":[{"taxonomy":"category","embeddable":true,"href":"https:\/\/www.encontramogimirim.com.br\/noticias\/wp-json\/wp\/v2\/categories?post=688"},{"taxonomy":"post_tag","embeddable":true,"href":"https:\/\/www.encontramogimirim.com.br\/noticias\/wp-json\/wp\/v2\/tags?post=688"}],"curies":[{"name":"wp","href":"https:\/\/api.w.org\/{rel}","templated":true}]}}