{"id":694,"date":"2012-07-24T00:36:41","date_gmt":"2012-07-24T02:36:41","guid":{"rendered":"http:\/\/www.encontramogimirim.com.br\/noticias\/?p=694"},"modified":"2013-08-15T12:29:34","modified_gmt":"2013-08-15T14:29:34","slug":"termina-em-03-de-agosto-prazo-para-cadastramento-para-passe-escolar-em-mogi-mirim","status":"publish","type":"post","link":"https:\/\/www.encontramogimirim.com.br\/noticias\/termina-em-03-de-agosto-prazo-para-cadastramento-para-passe-escolar-em-mogi-mirim\/","title":{"rendered":"Termina em 03 de agosto prazo para cadastramento de passe escolar em Mogi Mirim"},"content":{"rendered":"<p>Este \u00e9 o prazo que os alunos das escolas p\u00fablicas de Mogi Mirim e estudantes das faculdades e universidades da regi\u00e3o t\u00eam para pleitear o passe escolar urbano e rural e o subs\u00eddio universit\u00e1rio junto \u00e0 Prefeitura.<\/p>\n<p>Desde 02 de julho o cadastramento para o urbano e subs\u00eddio est\u00e1 sendo feito no setor de protocolo que fica no <a href=\"http:\/\/www.encontramogimirim.com.br\/mogi-mirim\/paco-municipal-de-mogi-mirim.shtml\" target=\"_blank\">Pa\u00e7o Municipal<\/a> \u00e0 Rua Dr. Jos\u00e9 Alves, 129, no Centro.<\/p>\n<p>J\u00e1 o cadastro rural \u00e9 feito no Departamento de Educa\u00e7\u00e3o que fica \u00e0 Rodovia Nagib Chaib, 420 \u2013 Morro Vermelho.<\/p>\n<p>O prazo termina em 03 de agosto.<\/p>\n<p>O cadastramento deve ser feito apenas para os novos alunos, ou seja, por aqueles que ainda n\u00e3o recebem o benef\u00edcio do Poder P\u00fablico. A exce\u00e7\u00e3o fica aos alunos que se mudaram para o Residencial Floresta, no Jardim Planalto \u2013 casas do Minha Casa, Minha Vida.<\/p>\n<p>Segundo o encarregado do setor administrativo do Departamento de Educa\u00e7\u00e3o, Luiz Fernando Zibordi, os alunos que se mudaram para aquela regi\u00e3o precisam fazer o cadastramento para atualiza\u00e7\u00e3o dos dados sob pena de perderem o passe escolar.<\/p>\n<p>Os documentos necess\u00e1rios para o cadastramento s\u00e3o: c\u00f3pia da certid\u00e3o de nascimento, c\u00f3pia do comprovante de resid\u00eancia atualizado, documento original da declara\u00e7\u00e3o de matr\u00edcula da escola com RA do aluno e declara\u00e7\u00e3o de autoriza\u00e7\u00e3o do respons\u00e1vel para os alunos com idade inferior a 12 anos.<br \/>\nNo caso dos universit\u00e1rios tamb\u00e9m \u00e9 preciso entregar o requerimento do subs\u00eddio junto com a documenta\u00e7\u00e3o. O aluno interessado ter\u00e1 que necessariamente utilizar transporte cadastrado no Departamento de Educa\u00e7\u00e3o.<\/p>\n<p>Atualmente, a<a href=\"http:\/\/www.encontramogimirim.com.br\/mogi-mirim\/prefeitura-mogi-mirim.shtml\" target=\"_blank\"> Prefeitura de Mogi Mirim<\/a> beneficia 1530 estudantes com passe escolar gratuito e 508 universit\u00e1rios com ajuda no custeio do transporte at\u00e9 \u00e0 faculdade.<\/p>\n<p><em>Fonte: Prefeitura de Mogi Mirim<\/em><\/p>\n","protected":false},"excerpt":{"rendered":"<p>Este \u00e9 o prazo que os alunos das escolas p\u00fablicas de Mogi Mirim e estudantes das faculdades e universidades da regi\u00e3o t\u00eam para pleitear o passe escolar urbano e rural e o subs\u00eddio universit\u00e1rio junto \u00e0 Prefeitura. Desde 02 de julho o cadastramento para o urbano e subs\u00eddio est\u00e1 sendo feito no setor de protocolo [&hellip;]<\/p>\n","protected":false},"author":1,"featured_media":0,"comment_status":"open","ping_status":"open","sticky":false,"template":"","format":"standard","meta":{"footnotes":""},"categories":[6],"tags":[14],"class_list":["post-694","post","type-post","status-publish","format-standard","hentry","category-noticias","tag-mogi-mirim"],"_links":{"self":[{"href":"https:\/\/www.encontramogimirim.com.br\/noticias\/wp-json\/wp\/v2\/posts\/694","targetHints":{"allow":["GET"]}}],"collection":[{"href":"https:\/\/www.encontramogimirim.com.br\/noticias\/wp-json\/wp\/v2\/posts"}],"about":[{"href":"https:\/\/www.encontramogimirim.com.br\/noticias\/wp-json\/wp\/v2\/types\/post"}],"author":[{"embeddable":true,"href":"https:\/\/www.encontramogimirim.com.br\/noticias\/wp-json\/wp\/v2\/users\/1"}],"replies":[{"embeddable":true,"href":"https:\/\/www.encontramogimirim.com.br\/noticias\/wp-json\/wp\/v2\/comments?post=694"}],"version-history":[{"count":3,"href":"https:\/\/www.encontramogimirim.com.br\/noticias\/wp-json\/wp\/v2\/posts\/694\/revisions"}],"predecessor-version":[{"id":1441,"href":"https:\/\/www.encontramogimirim.com.br\/noticias\/wp-json\/wp\/v2\/posts\/694\/revisions\/1441"}],"wp:attachment":[{"href":"https:\/\/www.encontramogimirim.com.br\/noticias\/wp-json\/wp\/v2\/media?parent=694"}],"wp:term":[{"taxonomy":"category","embeddable":true,"href":"https:\/\/www.encontramogimirim.com.br\/noticias\/wp-json\/wp\/v2\/categories?post=694"},{"taxonomy":"post_tag","embeddable":true,"href":"https:\/\/www.encontramogimirim.com.br\/noticias\/wp-json\/wp\/v2\/tags?post=694"}],"curies":[{"name":"wp","href":"https:\/\/api.w.org\/{rel}","templated":true}]}}