{"id":731,"date":"2012-08-29T07:00:20","date_gmt":"2012-08-29T09:00:20","guid":{"rendered":"http:\/\/www.encontramogimirim.com.br\/noticias\/?p=731"},"modified":"2013-08-15T12:29:19","modified_gmt":"2013-08-15T14:29:19","slug":"mogi-mirim-restauro-da-coronel-venancio-comeca-em-setembro","status":"publish","type":"post","link":"https:\/\/www.encontramogimirim.com.br\/noticias\/mogi-mirim-restauro-da-coronel-venancio-comeca-em-setembro\/","title":{"rendered":"Mogi Mirim: Restauro da Coronel Ven\u00e2ncio come\u00e7a em setembro"},"content":{"rendered":"<p>Aprovado em julho, o restauro da Escola Estadual Coronel Ven\u00e2ncio est\u00e1 previsto para come\u00e7ar at\u00e9 o final de setembro. A informa\u00e7\u00e3o foi prestada pela assessoria de imprensa da FDE (Funda\u00e7\u00e3o para o Desenvolvimento da Educa\u00e7\u00e3o), respons\u00e1vel pela administra\u00e7\u00e3o dos contratos de obras.<\/p>\n<p>A empresa contratada para realiza\u00e7\u00e3o dos servi\u00e7os \u00e9 a Forenge Engenharia, Constru\u00e7\u00f5es e Incorpora\u00e7\u00f5es e o prazo para conclus\u00e3o da obra \u00e9 de 12 meses.<\/p>\n<p>Com investimento de R$ 1,2 milh\u00e3o, a obra contempla restauro das fachadas, reforma da cobertura, refor\u00e7o das funda\u00e7\u00f5es, descupiniza\u00e7\u00e3o, execu\u00e7\u00e3o de sistema de combate a inc\u00eandio e de prote\u00e7\u00e3o contra descargas atmosf\u00e9ricas.<\/p>\n<p>Ser\u00e3o restaurados ainda forros, pisos, esquadrias, port\u00f5es e gradis. As instala\u00e7\u00f5es hidr\u00e1ulicas e el\u00e9tricas ser\u00e3o revisadas e haver\u00e1 reforma da cozinha, despensa, refeit\u00f3rio, sanit\u00e1rios e pintura.<\/p>\n<p>Apesar da informa\u00e7\u00e3o prestada pelo FDE, a diretora da escola, Luciana Matsumori, informou que ainda n\u00e3o recebeu comunica\u00e7\u00e3o sobre o in\u00edcio dos trabalhos ou necessidade de adequa\u00e7\u00e3o do pr\u00e9dio.<\/p>\n<p>O pr\u00e9dio da Coronel Ven\u00e2ncio \u00e9 tombado como patrim\u00f4nio hist\u00f3rico municipal e j\u00e1 passou por restaura\u00e7\u00e3o h\u00e1 cerca de 15 anos.<\/p>\n<p><em>Fonte: A Comarca<\/em><\/p>\n","protected":false},"excerpt":{"rendered":"<p>Aprovado em julho, o restauro da Escola Estadual Coronel Ven\u00e2ncio est\u00e1 previsto para come\u00e7ar at\u00e9 o final de setembro. A informa\u00e7\u00e3o foi prestada pela assessoria de imprensa da FDE (Funda\u00e7\u00e3o para o Desenvolvimento da Educa\u00e7\u00e3o), respons\u00e1vel pela administra\u00e7\u00e3o dos contratos de obras. A empresa contratada para realiza\u00e7\u00e3o dos servi\u00e7os \u00e9 a Forenge Engenharia, Constru\u00e7\u00f5es e [&hellip;]<\/p>\n","protected":false},"author":1,"featured_media":0,"comment_status":"open","ping_status":"open","sticky":false,"template":"","format":"standard","meta":{"footnotes":""},"categories":[6],"tags":[14],"class_list":["post-731","post","type-post","status-publish","format-standard","hentry","category-noticias","tag-mogi-mirim"],"_links":{"self":[{"href":"https:\/\/www.encontramogimirim.com.br\/noticias\/wp-json\/wp\/v2\/posts\/731","targetHints":{"allow":["GET"]}}],"collection":[{"href":"https:\/\/www.encontramogimirim.com.br\/noticias\/wp-json\/wp\/v2\/posts"}],"about":[{"href":"https:\/\/www.encontramogimirim.com.br\/noticias\/wp-json\/wp\/v2\/types\/post"}],"author":[{"embeddable":true,"href":"https:\/\/www.encontramogimirim.com.br\/noticias\/wp-json\/wp\/v2\/users\/1"}],"replies":[{"embeddable":true,"href":"https:\/\/www.encontramogimirim.com.br\/noticias\/wp-json\/wp\/v2\/comments?post=731"}],"version-history":[{"count":4,"href":"https:\/\/www.encontramogimirim.com.br\/noticias\/wp-json\/wp\/v2\/posts\/731\/revisions"}],"predecessor-version":[{"id":733,"href":"https:\/\/www.encontramogimirim.com.br\/noticias\/wp-json\/wp\/v2\/posts\/731\/revisions\/733"}],"wp:attachment":[{"href":"https:\/\/www.encontramogimirim.com.br\/noticias\/wp-json\/wp\/v2\/media?parent=731"}],"wp:term":[{"taxonomy":"category","embeddable":true,"href":"https:\/\/www.encontramogimirim.com.br\/noticias\/wp-json\/wp\/v2\/categories?post=731"},{"taxonomy":"post_tag","embeddable":true,"href":"https:\/\/www.encontramogimirim.com.br\/noticias\/wp-json\/wp\/v2\/tags?post=731"}],"curies":[{"name":"wp","href":"https:\/\/api.w.org\/{rel}","templated":true}]}}