{"id":737,"date":"2012-09-04T07:00:38","date_gmt":"2012-09-04T09:00:38","guid":{"rendered":"http:\/\/www.encontramogimirim.com.br\/noticias\/?p=737"},"modified":"2013-08-15T12:29:24","modified_gmt":"2013-08-15T14:29:24","slug":"mogi-mirim-feriado-da-independencia-tera-ato-contra-corrupcao","status":"publish","type":"post","link":"https:\/\/www.encontramogimirim.com.br\/noticias\/mogi-mirim-feriado-da-independencia-tera-ato-contra-corrupcao\/","title":{"rendered":"Mogi Mirim: Feriado da Independ\u00eancia ter\u00e1 ato contra corrup\u00e7\u00e3o"},"content":{"rendered":"<p>Seguindo a tend\u00eancia do movimento nacional \u201cDia do Basta\u201d, dois jovens mogimirianos est\u00e3o encabe\u00e7ando um ato de protesto contra a corrup\u00e7\u00e3o, marcado para o feriado de 7 de setembro, dia da Independ\u00eancia do Brasil.<\/p>\n<p>Com o slogan \u201cPovo passivo, corrup\u00e7\u00e3o ativa\u201d, a manifesta\u00e7\u00e3o ser\u00e1 realizada a partir das 9h, no Complexo Esportivo \u201cJos\u00e9 Geraldo Franco Ortiz\u201d, Lavap\u00e9s, onde se realizar\u00e1 o desfile c\u00edvico comemorativo \u00e0 data.<\/p>\n<p>A partir de um grupo criado na rede social Facebook, Raphael Gragnanello Dantis e Maur\u00edcio Bazzuco resolveram lan\u00e7ar a ideia na internet em julho. \u201c\u00c9 um movimento apartid\u00e1rio. Tanto que tivemos o cuidado de proibir propaganda pol\u00edtica no grupo\u201d, explicou Raphael.<\/p>\n<p>A ideia do grupo \u00e9 demonstrar que existem pessoas ativas na cidade. \u201cOs jovens est\u00e3o afastados da pol\u00edtica e precisam se importar mais\u201d, disse Raphael. Os organizadores do evento esperam a participa\u00e7\u00e3o de 150 pessoas, considerando que 300 confirmaram participa\u00e7\u00e3o no grupo virtual.<\/p>\n<p>Ele evitou polemizar em torno de poss\u00edveis casos de corrup\u00e7\u00e3o no munic\u00edpio e explicou que o protesto abrange mais as pautas nacionais do que locais. \u201cH\u00e1 den\u00fancias no munic\u00edpio, mas que ainda n\u00e3o foram julgadas. A ideia \u00e9 protestar contra a corrup\u00e7\u00e3o de forma geral no Brasil, casos como o mensal\u00e3o, por exemplo\u201d. No entanto, Raphael lembrou que o movimento \u00e9 aberto a livre participa\u00e7\u00e3o, inclusive no que se refere ao teor dos protestos.<\/p>\n<p>Os participantes estar\u00e3o caracterizados com narizes de palha\u00e7o, camisetas pretas e rostos pintados, munidos de cartazes com mensagens de protesto. O ato vai acontecer paralelamente ao desfile marcado a data, no entorno da Avenida Luiz Gonzaga de Amoedo Campos.<\/p>\n<p>Raphael pediu a colabora\u00e7\u00e3o dos participantes no sentido de atribuir transpar\u00eancia ao movimento. \u201cQue s\u00f3 participe quem estiver engajado \u00e0 ideia, n\u00e3o queremos fazer bagun\u00e7a e desrespeitar o ato c\u00edvico, j\u00e1 que isso \u00e9 proibido pela Constitui\u00e7\u00e3o\u201d, observou.<\/p>\n<p>O movimento deve ter continuidade ap\u00f3s a marcha. Segundo Raphael, esse \u00e9 o in\u00edcio de uma conduta que ser\u00e1 adotada tamb\u00e9m para fiscalizar candidatos eleitos e cumprimento de propostas. O grupo pretende, inclusive, acompanhar as sess\u00f5es da <a href=\"http:\/\/www.encontramogimirim.com.br\/mogi-mirim\/camara-municipal-em-mogi-mirim.shtml\" target=\"_blank\">C\u00e2mara Municipal de Mogi Mirim<\/a>.<\/p>\n<p>A Marcha contra Corrup\u00e7\u00e3o ser\u00e1 realizada em n\u00edvel nacional nas cidades que alcan\u00e7arem adeptos, tamb\u00e9m no dia 7. O slogan original do movimento \u00e9 \u201cO povo acordou! O povo decidiu! Ou para a roubalheira ou paramos o Brasil\u201d.<\/p>\n<p><em>Fonte: A Comarca<\/em><\/p>\n","protected":false},"excerpt":{"rendered":"<p>Seguindo a tend\u00eancia do movimento nacional \u201cDia do Basta\u201d, dois jovens mogimirianos est\u00e3o encabe\u00e7ando um ato de protesto contra a corrup\u00e7\u00e3o, marcado para o feriado de 7 de setembro, dia da Independ\u00eancia do Brasil. Com o slogan \u201cPovo passivo, corrup\u00e7\u00e3o ativa\u201d, a manifesta\u00e7\u00e3o ser\u00e1 realizada a partir das 9h, no Complexo Esportivo \u201cJos\u00e9 Geraldo Franco [&hellip;]<\/p>\n","protected":false},"author":1,"featured_media":0,"comment_status":"open","ping_status":"open","sticky":false,"template":"","format":"standard","meta":{"footnotes":""},"categories":[6],"tags":[14],"class_list":["post-737","post","type-post","status-publish","format-standard","hentry","category-noticias","tag-mogi-mirim"],"_links":{"self":[{"href":"https:\/\/www.encontramogimirim.com.br\/noticias\/wp-json\/wp\/v2\/posts\/737","targetHints":{"allow":["GET"]}}],"collection":[{"href":"https:\/\/www.encontramogimirim.com.br\/noticias\/wp-json\/wp\/v2\/posts"}],"about":[{"href":"https:\/\/www.encontramogimirim.com.br\/noticias\/wp-json\/wp\/v2\/types\/post"}],"author":[{"embeddable":true,"href":"https:\/\/www.encontramogimirim.com.br\/noticias\/wp-json\/wp\/v2\/users\/1"}],"replies":[{"embeddable":true,"href":"https:\/\/www.encontramogimirim.com.br\/noticias\/wp-json\/wp\/v2\/comments?post=737"}],"version-history":[{"count":3,"href":"https:\/\/www.encontramogimirim.com.br\/noticias\/wp-json\/wp\/v2\/posts\/737\/revisions"}],"predecessor-version":[{"id":1277,"href":"https:\/\/www.encontramogimirim.com.br\/noticias\/wp-json\/wp\/v2\/posts\/737\/revisions\/1277"}],"wp:attachment":[{"href":"https:\/\/www.encontramogimirim.com.br\/noticias\/wp-json\/wp\/v2\/media?parent=737"}],"wp:term":[{"taxonomy":"category","embeddable":true,"href":"https:\/\/www.encontramogimirim.com.br\/noticias\/wp-json\/wp\/v2\/categories?post=737"},{"taxonomy":"post_tag","embeddable":true,"href":"https:\/\/www.encontramogimirim.com.br\/noticias\/wp-json\/wp\/v2\/tags?post=737"}],"curies":[{"name":"wp","href":"https:\/\/api.w.org\/{rel}","templated":true}]}}