{"id":739,"date":"2012-09-04T07:00:52","date_gmt":"2012-09-04T09:00:52","guid":{"rendered":"http:\/\/www.encontramogimirim.com.br\/noticias\/?p=739"},"modified":"2013-08-15T12:29:35","modified_gmt":"2013-08-15T14:29:35","slug":"mogi-mirim-volta-dos-onibus-e-festejada-por-barraqueiros","status":"publish","type":"post","link":"https:\/\/www.encontramogimirim.com.br\/noticias\/mogi-mirim-volta-dos-onibus-e-festejada-por-barraqueiros\/","title":{"rendered":"Mogi Mirim: Volta dos \u00f4nibus \u00e9 festejada por barraqueiros"},"content":{"rendered":"<p>O ponto de \u00f4nibus na parte baixa do Jardim Velho voltou a funcionar em 2 de setembro, domingo, cinco anos depois de ter sido desativado e os usu\u00e1rios espalhados pelo centro da cidade. Em alguns dias, funcion\u00e1rios da <a href=\"http:\/\/www.encontramogimirim.com.br\/mogi-mirim\/prefeitura-mogi-mirim.shtml\" target=\"_blank\">Prefeitura Municipal de Mogi Mirim<\/a> executaram as obras de instala\u00e7\u00e3o dos abrigos. Ontem pela manh\u00e3, as demarca\u00e7\u00f5es de solo no local onde os coletivos ir\u00e3o parar, j\u00e1 estavam feitas.<\/p>\n<p>Al\u00e9m dos usu\u00e1rios dos \u00f4nibus urbanos, o restabelecimento da Pra\u00e7a Floriano Peixoto como ponto de embarque e desembarque de passageiros \u00e9 celebrado pelos ambulantes que mant\u00eam barracas no local.<\/p>\n<p>Ivaneide Guedes \u00e9 uma dos 12 ambulantes que escolheram o Jardim Velho como ponto de vendas. Ela prev\u00ea dias melhores com a volta dos \u00f4nibus. \u201cVai ser muito bom, vai aglomerar mais gente aqui\u201d, prev\u00ea. Ela \u00e9 uma das ambulantes mais antigas no local. \u201cEstou h\u00e1 seis anos e meio. Cheguei aqui em fevereiro e em outubro desativaram o ponto\u201d, contou.<\/p>\n<p>A hip\u00f3tese de que, com os passageiros dos \u00f4nibus tamb\u00e9m cheguem mais donos de barras n\u00e3o \u00e9 considerada por Ivaneide.<\/p>\n<p>A aut\u00f4noma sabe que o movimento ir\u00e1 aumentar, por\u00e9m n\u00e3o acredita na chegada de mais pessoas para comercializar produtos. \u201cN\u00e3o tem mais espa\u00e7o. J\u00e1 tem muita banca aqui\u201d, disse. Emerson Augusto Lopes concorda. \u201cPode acontecer de vir mais gente, mas j\u00e1 tem muita barraca. N\u00e3o tem muito espa\u00e7o para colocar\u201d.<\/p>\n<p>Ao contr\u00e1rio dos colegas, C\u00edcero Ramos acredita que h\u00e1 a possibilidade de a volta dos \u00f4nibus atrair novos ambulantes, mas n\u00e3o parece temer. \u201cPode vir mais concorr\u00eancia, mas n\u00e3o vai afetar tanto por que todo mundo vende mais ou menos as mesmas coisas\u201d, declarou.<\/p>\n<p>Entre os comerciantes estabelecidos na Avenida Coronel Jo\u00e3o Leite, em frente ao Jardim Velho, a expectativa quanto ao aumento das vendas \u00e9 a mesma. \u201cVai ser bom, o fluxo de pessoas vai aumentar bastante. \u00c9 muito parado aqui. Muita gente fala que, quando tinha o ponto aqui na frente, era muito melhor\u201d, afirmou Maria do Ros\u00e1rio, propriet\u00e1ria de uma loja na esquina da pra\u00e7a com a Rua Chico Ven\u00e2ncio.<\/p>\n<p>\u201cPassam muitos carros, mas pedestres n\u00e3o. As vendas v\u00e3o melhorar\u201d, acredita Catarina Barbosa Rangel. \u201cAqui \u00e9 um lugar muito mais favor\u00e1vel. (O ponto) Vai trazer mais pessoas. Eles deveriam ser mais bem distribu\u00eddos pela cidade. Eles puxaram os pontos de \u00f4nibus todos l\u00e1 pra baixo\u201d, criticou Zeneida Casaril, da Lanchonete do Tch\u00ea, na esquina da Rua 15 de Novembro.<\/p>\n<p>Ela se recorda quando havia as paradas de \u00f4nibus no local. \u201cA movimenta\u00e7\u00e3o era muito maior. Mas a\u00ed tiraram o ponto e depois transferiram a Caixa (Econ\u00f4mica Federal) daqui&#8230;\u201d, lamentou.<\/p>\n<p><em>Fonte: A Comarca<\/em><\/p>\n","protected":false},"excerpt":{"rendered":"<p>O ponto de \u00f4nibus na parte baixa do Jardim Velho voltou a funcionar em 2 de setembro, domingo, cinco anos depois de ter sido desativado e os usu\u00e1rios espalhados pelo centro da cidade. Em alguns dias, funcion\u00e1rios da Prefeitura Municipal de Mogi Mirim executaram as obras de instala\u00e7\u00e3o dos abrigos. Ontem pela manh\u00e3, as demarca\u00e7\u00f5es [&hellip;]<\/p>\n","protected":false},"author":1,"featured_media":0,"comment_status":"open","ping_status":"open","sticky":false,"template":"","format":"standard","meta":{"footnotes":""},"categories":[6,8],"tags":[14],"class_list":["post-739","post","type-post","status-publish","format-standard","hentry","category-noticias","category-servicos","tag-mogi-mirim"],"_links":{"self":[{"href":"https:\/\/www.encontramogimirim.com.br\/noticias\/wp-json\/wp\/v2\/posts\/739","targetHints":{"allow":["GET"]}}],"collection":[{"href":"https:\/\/www.encontramogimirim.com.br\/noticias\/wp-json\/wp\/v2\/posts"}],"about":[{"href":"https:\/\/www.encontramogimirim.com.br\/noticias\/wp-json\/wp\/v2\/types\/post"}],"author":[{"embeddable":true,"href":"https:\/\/www.encontramogimirim.com.br\/noticias\/wp-json\/wp\/v2\/users\/1"}],"replies":[{"embeddable":true,"href":"https:\/\/www.encontramogimirim.com.br\/noticias\/wp-json\/wp\/v2\/comments?post=739"}],"version-history":[{"count":5,"href":"https:\/\/www.encontramogimirim.com.br\/noticias\/wp-json\/wp\/v2\/posts\/739\/revisions"}],"predecessor-version":[{"id":1452,"href":"https:\/\/www.encontramogimirim.com.br\/noticias\/wp-json\/wp\/v2\/posts\/739\/revisions\/1452"}],"wp:attachment":[{"href":"https:\/\/www.encontramogimirim.com.br\/noticias\/wp-json\/wp\/v2\/media?parent=739"}],"wp:term":[{"taxonomy":"category","embeddable":true,"href":"https:\/\/www.encontramogimirim.com.br\/noticias\/wp-json\/wp\/v2\/categories?post=739"},{"taxonomy":"post_tag","embeddable":true,"href":"https:\/\/www.encontramogimirim.com.br\/noticias\/wp-json\/wp\/v2\/tags?post=739"}],"curies":[{"name":"wp","href":"https:\/\/api.w.org\/{rel}","templated":true}]}}