{"id":745,"date":"2012-09-05T07:00:32","date_gmt":"2012-09-05T09:00:32","guid":{"rendered":"http:\/\/www.encontramogimirim.com.br\/noticias\/?p=745"},"modified":"2013-08-15T12:29:33","modified_gmt":"2013-08-15T14:29:33","slug":"mogi-mirim-promotora-convoca-reuniao-sobre-igreja-do-carmo","status":"publish","type":"post","link":"https:\/\/www.encontramogimirim.com.br\/noticias\/mogi-mirim-promotora-convoca-reuniao-sobre-igreja-do-carmo\/","title":{"rendered":"Mogi Mirim: Promotora convoca reuni\u00e3o sobre Igreja do Carmo"},"content":{"rendered":"<p>A promotora Cristiane Corr\u00eaa de Souza Hillal sinalizou que pode haver uma tentativa de acordo para reparos na Igreja do Carmo nesta semana. O Minist\u00e9rio P\u00fablico convocou as partes envolvidas para reuni\u00e3o hoje, dia 5, \u00e0s 11h.<\/p>\n<p>Cristiane pediu o comparecimento do padre Nelson Demiciano, da presidente do Educand\u00e1rio, Jocely Vasconcellos Feriolli, representantes da <a href=\"http:\/\/www.encontramogimirim.com.br\/mogi-mirim\/prefeitura-mogi-mirim.shtml\" target=\"_blank\">Prefeitura Municipal de Mogi Mirim<\/a> e o advogado Wilson Bonetti, que representa Rivaldo, empreendedor do Residencial do Jardim.<\/p>\n<p>Do CAEx (Centro de Apoio \u00e0 Execu\u00e7\u00e3o) devem comparecer as arquitetas Lucilena Whitaker de Mello Bastos e Paula Freire Santoro, que assinaram os laudos sobre a situa\u00e7\u00e3o do pr\u00e9dio. O MP pede ainda ao CAEx a participa\u00e7\u00e3o de engenheiro com conhecimentos espec\u00edficos na \u00e1rea estrutural.<\/p>\n<p>A COMARCA buscou esclareceu o teor da reuni\u00e3o, mas a promotora informou que s\u00f3 se manifestar\u00e1 ap\u00f3s o encontro. \u201cA ideia, claro, \u00e9 sempre a busca da via consensual, quando poss\u00edvel\u201d, disse.<\/p>\n<p>Em agosto, Cristiane solicitou vistoria do Condephaat (Conselho de Defesa do Patrim\u00f4nio Hist\u00f3rico, Arqueol\u00f3gico, Art\u00edstico e Tur\u00edstico) \u00e0 Igreja do Carmo, al\u00e9m de manifesta\u00e7\u00e3o quanto aos impactos da obra dos dois edif\u00edcios. O parecer pode contribuir para que a igreja seja tombada pelo conselho. A promotoria ainda n\u00e3o recebeu retorno quanto ao pedido.<\/p>\n<p>PLANO DIRETOR<\/p>\n<p>Em resposta ao pedido de informa\u00e7\u00f5es complementares manifestado pela promotora, a assistente t\u00e9cnica do CAEx, Paula Freire Santoro, emitiu novo parecer sobre o Plano Diretor de Mogi Mirim.<\/p>\n<p>No documento, Paula aponta uma s\u00e9rie de irregularidades, como a aus\u00eancia de coeficiente de aproveitamento m\u00ednimo para a constru\u00e7\u00e3o de edif\u00edcios na \u00e1rea central. Al\u00e9m disso, considera irregular as repetidas modifica\u00e7\u00f5es de regras feitas de forma individualizada para beneficiar a apenas um propriet\u00e1rio. A arquiteta aconselha que o Plano Diretor seja revisto.<\/p>\n<p><em>Fonte: A Comarca<\/em><\/p>\n","protected":false},"excerpt":{"rendered":"<p>A promotora Cristiane Corr\u00eaa de Souza Hillal sinalizou que pode haver uma tentativa de acordo para reparos na Igreja do Carmo nesta semana. O Minist\u00e9rio P\u00fablico convocou as partes envolvidas para reuni\u00e3o hoje, dia 5, \u00e0s 11h. Cristiane pediu o comparecimento do padre Nelson Demiciano, da presidente do Educand\u00e1rio, Jocely Vasconcellos Feriolli, representantes da Prefeitura [&hellip;]<\/p>\n","protected":false},"author":1,"featured_media":0,"comment_status":"open","ping_status":"open","sticky":false,"template":"","format":"standard","meta":{"footnotes":""},"categories":[6,8],"tags":[14],"class_list":["post-745","post","type-post","status-publish","format-standard","hentry","category-noticias","category-servicos","tag-mogi-mirim"],"_links":{"self":[{"href":"https:\/\/www.encontramogimirim.com.br\/noticias\/wp-json\/wp\/v2\/posts\/745","targetHints":{"allow":["GET"]}}],"collection":[{"href":"https:\/\/www.encontramogimirim.com.br\/noticias\/wp-json\/wp\/v2\/posts"}],"about":[{"href":"https:\/\/www.encontramogimirim.com.br\/noticias\/wp-json\/wp\/v2\/types\/post"}],"author":[{"embeddable":true,"href":"https:\/\/www.encontramogimirim.com.br\/noticias\/wp-json\/wp\/v2\/users\/1"}],"replies":[{"embeddable":true,"href":"https:\/\/www.encontramogimirim.com.br\/noticias\/wp-json\/wp\/v2\/comments?post=745"}],"version-history":[{"count":2,"href":"https:\/\/www.encontramogimirim.com.br\/noticias\/wp-json\/wp\/v2\/posts\/745\/revisions"}],"predecessor-version":[{"id":1413,"href":"https:\/\/www.encontramogimirim.com.br\/noticias\/wp-json\/wp\/v2\/posts\/745\/revisions\/1413"}],"wp:attachment":[{"href":"https:\/\/www.encontramogimirim.com.br\/noticias\/wp-json\/wp\/v2\/media?parent=745"}],"wp:term":[{"taxonomy":"category","embeddable":true,"href":"https:\/\/www.encontramogimirim.com.br\/noticias\/wp-json\/wp\/v2\/categories?post=745"},{"taxonomy":"post_tag","embeddable":true,"href":"https:\/\/www.encontramogimirim.com.br\/noticias\/wp-json\/wp\/v2\/tags?post=745"}],"curies":[{"name":"wp","href":"https:\/\/api.w.org\/{rel}","templated":true}]}}