{"id":748,"date":"2012-09-11T07:00:48","date_gmt":"2012-09-11T09:00:48","guid":{"rendered":"http:\/\/www.encontramogimirim.com.br\/noticias\/?p=748"},"modified":"2013-08-15T12:29:35","modified_gmt":"2013-08-15T14:29:35","slug":"indice-local-de-mortalidade-infantil-sofre-queda-em-mogi-mirim","status":"publish","type":"post","link":"https:\/\/www.encontramogimirim.com.br\/noticias\/indice-local-de-mortalidade-infantil-sofre-queda-em-mogi-mirim\/","title":{"rendered":"\u00cdndice local de mortalidade infantil sofre queda em Mogi Mirim"},"content":{"rendered":"<p>No ano passado, 1.119 beb\u00eas nasceram vivos em Mogi Mirim e nove deles morreram. Os n\u00fameros equivalem ao \u00edndice de 8 mortes para cada mil beb\u00eas nascidos vivos. A taxa alcan\u00e7ada pelo munic\u00edpio \u00e9 inferior \u00e0 registrada no ano anterior, em 2010, quando foram registradas 12,7 mortes para cada mil nascimentos.<\/p>\n<p>No entanto, supera os \u00edndices dos anos de 2009 e 2008, quando as taxas de mortalidade infantil chegaram a 6,7 e 6,4, respectivamente. Em 2007, o \u00edndice alcan\u00e7ou 17,2 \u00f3bitos a cada mil nascimentos. A m\u00e9dia do munic\u00edpio para os \u00faltimos cinco anos foi de 10,2.<\/p>\n<p>Os dados foram divulgados recentemente pelo governo do estado de S\u00e3o Paulo e integram levantamento feito pela Secretaria Estadual de Sa\u00fade, em parceria com a Funda\u00e7\u00e3o Seade (Sistema Estadual de An\u00e1lise de Dados). A taxa de mortalidade infantil \u00e9 o principal indicador de sa\u00fade p\u00fablica, segundo a Organiza\u00e7\u00e3o Mundial da Sa\u00fade (OMS).<\/p>\n<p>As infec\u00e7\u00f5es originadas no per\u00edodo perinatal \u2014 entre 22 semanas de gesta\u00e7\u00e3o e sete dias completos ap\u00f3s o nascimento lideram as causas dos \u00f3bitos em Mogi Mirim. Foram seis mortes de beb\u00eas por esta raz\u00e3o em 2011. S\u00e3o \u00f3bitos relacionados a problemas na gravidez, no parto ou no nascimento.<\/p>\n<p>Houve ainda uma morte para cada uma das seguintes causas: doen\u00e7as infecciosas e parasit\u00e1rias, doen\u00e7as do sistema nervoso e neoplasias (altera\u00e7\u00e3o anormal das c\u00e9lulas).<\/p>\n<p>Houve maior concentra\u00e7\u00e3o de mortes nos primeiros 28 dias de vida (per\u00edodo neonatal), com \u00edndice de 5,4. No per\u00edodo p\u00f3s-neonatal, relacionado \u00e0 exposi\u00e7\u00e3o ao meio ambiente e \u00e0s condi\u00e7\u00f5es de vida da popula\u00e7\u00e3o, o \u00edndice de \u00f3bitos foi de 2,7 na cidade.<\/p>\n<p>ESTADO<\/p>\n<p>A queda no \u00edndice de mortalidade infantil tamb\u00e9m ocorreu em n\u00edvel estadual. A cada mil beb\u00eas nascidos vivos nas 645 cidades paulistas em 2011, foram registradas 11,55 mortes de menores de um ano de idade, a menor taxa j\u00e1 registrada no estado. As causas perinatais e as malforma\u00e7\u00f5es cong\u00eanitas representam 80% dessas mortes.<\/p>\n<p>O \u00edndice \u00e9 2,6% menor do que o observado em 2010, quando houve 11,86 \u00f3bitos por mil nascidos vivos. Em rela\u00e7\u00e3o ao ano de 2000, quando o \u00edndice foi de 16,97, houve queda de 31%.<\/p>\n<p>Das 17 regi\u00f5es avaliadas, a partir da abrang\u00eancia das Diretorias Regionais de Sa\u00fade, 12 apresentaram redu\u00e7\u00f5es em 2011. Na DRS da cidade de S\u00e3o Jo\u00e3o da Boa Vista, a qual Mogi Mirim pertence, a taxa de mortalidade infantil foi de 10,27 em 2011. Houve leve redu\u00e7\u00e3o em rela\u00e7\u00e3o ao ano anterior, que registrou 11,62 mortes a cada mil nascimentos. J\u00e1 em rela\u00e7\u00e3o a 2000, a queda se mostrou mais acentuada. Na \u00e9poca, a taxa de mortalidade infantil chegou a 16,11 na regi\u00e3o.<\/p>\n<p>Na avalia\u00e7\u00e3o do governo estadual, a melhoria \u00e9 resultado dos investimentos na amplia\u00e7\u00e3o das UTIs (Unidades de Terapia Intensiva) Neonatal em hospitais, no aprimoramento da assist\u00eancia ao parto e \u00e0 gestante, no aumento do atendimento para o pr\u00e9-natal e vacina\u00e7\u00e3o em massa de crian\u00e7as pelo SUS (Sistema \u00danico de Sa\u00fade).<\/p>\n<p><em>Fonte: A Comarca<\/em><\/p>\n","protected":false},"excerpt":{"rendered":"<p>No ano passado, 1.119 beb\u00eas nasceram vivos em Mogi Mirim e nove deles morreram. Os n\u00fameros equivalem ao \u00edndice de 8 mortes para cada mil beb\u00eas nascidos vivos. A taxa alcan\u00e7ada pelo munic\u00edpio \u00e9 inferior \u00e0 registrada no ano anterior, em 2010, quando foram registradas 12,7 mortes para cada mil nascimentos. No entanto, supera os [&hellip;]<\/p>\n","protected":false},"author":1,"featured_media":0,"comment_status":"open","ping_status":"open","sticky":false,"template":"","format":"standard","meta":{"footnotes":""},"categories":[6],"tags":[14],"class_list":["post-748","post","type-post","status-publish","format-standard","hentry","category-noticias","tag-mogi-mirim"],"_links":{"self":[{"href":"https:\/\/www.encontramogimirim.com.br\/noticias\/wp-json\/wp\/v2\/posts\/748","targetHints":{"allow":["GET"]}}],"collection":[{"href":"https:\/\/www.encontramogimirim.com.br\/noticias\/wp-json\/wp\/v2\/posts"}],"about":[{"href":"https:\/\/www.encontramogimirim.com.br\/noticias\/wp-json\/wp\/v2\/types\/post"}],"author":[{"embeddable":true,"href":"https:\/\/www.encontramogimirim.com.br\/noticias\/wp-json\/wp\/v2\/users\/1"}],"replies":[{"embeddable":true,"href":"https:\/\/www.encontramogimirim.com.br\/noticias\/wp-json\/wp\/v2\/comments?post=748"}],"version-history":[{"count":4,"href":"https:\/\/www.encontramogimirim.com.br\/noticias\/wp-json\/wp\/v2\/posts\/748\/revisions"}],"predecessor-version":[{"id":1453,"href":"https:\/\/www.encontramogimirim.com.br\/noticias\/wp-json\/wp\/v2\/posts\/748\/revisions\/1453"}],"wp:attachment":[{"href":"https:\/\/www.encontramogimirim.com.br\/noticias\/wp-json\/wp\/v2\/media?parent=748"}],"wp:term":[{"taxonomy":"category","embeddable":true,"href":"https:\/\/www.encontramogimirim.com.br\/noticias\/wp-json\/wp\/v2\/categories?post=748"},{"taxonomy":"post_tag","embeddable":true,"href":"https:\/\/www.encontramogimirim.com.br\/noticias\/wp-json\/wp\/v2\/tags?post=748"}],"curies":[{"name":"wp","href":"https:\/\/api.w.org\/{rel}","templated":true}]}}