{"id":761,"date":"2012-09-20T07:00:16","date_gmt":"2012-09-20T09:00:16","guid":{"rendered":"http:\/\/www.encontramogimirim.com.br\/noticias\/?p=761"},"modified":"2013-08-15T12:29:21","modified_gmt":"2013-08-15T14:29:21","slug":"criadas-novas-vagas-de-estacionamento-em-mogi-mirim","status":"publish","type":"post","link":"https:\/\/www.encontramogimirim.com.br\/noticias\/criadas-novas-vagas-de-estacionamento-em-mogi-mirim\/","title":{"rendered":"Criadas novas vagas de estacionamento em Mogi Mirim"},"content":{"rendered":"<p>Ap\u00f3s o in\u00edcio dos trabalhos de demarca\u00e7\u00e3o de solo para a reativa\u00e7\u00e3o da zona azul, novas vagas para estacionamento foram criadas nas ruas Chico Ven\u00e2ncio e Conde de Parna\u00edba. Nesta \u00faltima, as demarca\u00e7\u00f5es, que dever\u00e3o ser refeitas, antecederam o asfaltamento que dever\u00e1 ser realizado na via ainda este m\u00eas. O t\u00e9rmino das demarca\u00e7\u00f5es est\u00e1 previsto para hoje, dia 20.<\/p>\n<p>Na Conde de Parna\u00edba, entre a Pra\u00e7a Rui Barbosa e a Rua Ulhoa Cintra, onde era poss\u00edvel estacionar apenas ao lado direito, agora os motoristas j\u00e1 podem parar do outro lado. O Departamento de Transito informou que antes n\u00e3o era permitido o estacionamento no local por conta da dificuldade de convers\u00e3o de ve\u00edculos, quando a Rua Chico Ven\u00e2ncio tinha o fluxo contr\u00e1rio.<\/p>\n<p>J\u00e1 na Chico Ven\u00e2ncio h\u00e1 duas situa\u00e7\u00f5es. Uma delas, em frente a um despachante, e a outra ao lado de uma loja na esquina com a Pra\u00e7a Floriano Peixoto. Nesses locais, eram reservadas vagas para motocicletas, as quais deram lugar a novas vagas para carros.<\/p>\n<p>Estes servi\u00e7os est\u00e3o sendo feitos pela Tecnopark, que ir\u00e1 administrar o estacionamento rotativo da cidade. As sinaliza\u00e7\u00f5es t\u00eam sido feitas durante a noite e madrugada, per\u00edodo em que as ruas centrais permanecem vazias e com poucos carros estacionados. Al\u00e9m de n\u00e3o atrapalhar o tr\u00e1fego, a seguran\u00e7a dos trabalhadores tamb\u00e9m \u00e9 garantida.<\/p>\n<p>A empresa informou que as pr\u00f3ximas medidas ser\u00e3o a instala\u00e7\u00e3o de placas de sinaliza\u00e7\u00e3o e de 89 parqu\u00edmetros, os quais dever\u00e3o ser fixados no in\u00edcio de outubro. A Tecnopark, que ir\u00e1 administrar a zona azul at\u00e9 2017, dever\u00e1 come\u00e7ar a funcionar na segunda quinzena de outubro, em im\u00f3vel alugado na Rua Padre Roque, 266, no Centro.<\/p>\n<p><em>Fonte: A Comarca<\/em><\/p>\n","protected":false},"excerpt":{"rendered":"<p>Ap\u00f3s o in\u00edcio dos trabalhos de demarca\u00e7\u00e3o de solo para a reativa\u00e7\u00e3o da zona azul, novas vagas para estacionamento foram criadas nas ruas Chico Ven\u00e2ncio e Conde de Parna\u00edba. Nesta \u00faltima, as demarca\u00e7\u00f5es, que dever\u00e3o ser refeitas, antecederam o asfaltamento que dever\u00e1 ser realizado na via ainda este m\u00eas. O t\u00e9rmino das demarca\u00e7\u00f5es est\u00e1 previsto [&hellip;]<\/p>\n","protected":false},"author":1,"featured_media":0,"comment_status":"open","ping_status":"open","sticky":false,"template":"","format":"standard","meta":{"footnotes":""},"categories":[6],"tags":[17],"class_list":["post-761","post","type-post","status-publish","format-standard","hentry","category-noticias","tag-prudente"],"_links":{"self":[{"href":"https:\/\/www.encontramogimirim.com.br\/noticias\/wp-json\/wp\/v2\/posts\/761","targetHints":{"allow":["GET"]}}],"collection":[{"href":"https:\/\/www.encontramogimirim.com.br\/noticias\/wp-json\/wp\/v2\/posts"}],"about":[{"href":"https:\/\/www.encontramogimirim.com.br\/noticias\/wp-json\/wp\/v2\/types\/post"}],"author":[{"embeddable":true,"href":"https:\/\/www.encontramogimirim.com.br\/noticias\/wp-json\/wp\/v2\/users\/1"}],"replies":[{"embeddable":true,"href":"https:\/\/www.encontramogimirim.com.br\/noticias\/wp-json\/wp\/v2\/comments?post=761"}],"version-history":[{"count":2,"href":"https:\/\/www.encontramogimirim.com.br\/noticias\/wp-json\/wp\/v2\/posts\/761\/revisions"}],"predecessor-version":[{"id":1249,"href":"https:\/\/www.encontramogimirim.com.br\/noticias\/wp-json\/wp\/v2\/posts\/761\/revisions\/1249"}],"wp:attachment":[{"href":"https:\/\/www.encontramogimirim.com.br\/noticias\/wp-json\/wp\/v2\/media?parent=761"}],"wp:term":[{"taxonomy":"category","embeddable":true,"href":"https:\/\/www.encontramogimirim.com.br\/noticias\/wp-json\/wp\/v2\/categories?post=761"},{"taxonomy":"post_tag","embeddable":true,"href":"https:\/\/www.encontramogimirim.com.br\/noticias\/wp-json\/wp\/v2\/tags?post=761"}],"curies":[{"name":"wp","href":"https:\/\/api.w.org\/{rel}","templated":true}]}}