{"id":769,"date":"2012-10-01T06:00:22","date_gmt":"2012-10-01T08:00:22","guid":{"rendered":"http:\/\/www.encontramogimirim.com.br\/noticias\/?p=769"},"modified":"2013-08-15T12:29:33","modified_gmt":"2013-08-15T14:29:33","slug":"transito-muda-na-santa-cruz-a-partir-de-hoje-em-mogi-mirim","status":"publish","type":"post","link":"https:\/\/www.encontramogimirim.com.br\/noticias\/transito-muda-na-santa-cruz-a-partir-de-hoje-em-mogi-mirim\/","title":{"rendered":"Tr\u00e2nsito muda na Santa Cruz a partir de hoje em Mogi Mirim"},"content":{"rendered":"<p>A <a href=\"http:\/\/www.encontramogimirim.com.br\/mogi-mirim\/prefeitura-mogi-mirim.shtml\" target=\"_blank\">Prefeitura Municipal de Mogi Mirim<\/a> informa que o tr\u00e2nsito da Santa Cruz vai sofrer mudan\u00e7as dentro de uma semana, a partir hoje, 1 de outubro. A justificativa \u00e9 de que a medida atende reclama\u00e7\u00e3o de comerciantes do bairro.<\/p>\n<p>*A Rua Ana Gama e Silva ter\u00e1 sentido invertido: ir\u00e1 da Expedicion\u00e1rios at\u00e9 a Avenida Brasil<br \/>\n*A Rua Eduardo da Fonseca ter\u00e1 sentido invertido: ir\u00e1 da Avenida Brasil at\u00e9 a Pra\u00e7a Tiradentes<br \/>\n* A Rua Prefeito Ant\u00f4nio Leite do Canto ter\u00e1 seu sentido invertido: ir\u00e1 da Ana Gama e Silva at\u00e9 a Eduardo da Fonseca<br \/>\n* A Rua dos Expedicion\u00e1rios ter\u00e1 sentido invertido: ir\u00e1 da Rua Nossa Senhora da Aparecida at\u00e9 a Sime\u00e3o Ribas<br \/>\n* A Rua Santa Cruz ter\u00e1 seu sentido invertido: ir\u00e1 da Marciliano at\u00e9 a Pra\u00e7a Tiradentes e da\u00ed em diante em dire\u00e7\u00e3o \u00e0 sa\u00edda da cidade, como \u00e9 hoje<br \/>\n* Parte da Rua Nossa Senhora da Aparecida ter\u00e1 sentido invertido: ir\u00e1 da Santa Cruz at\u00e9 a Expedicion\u00e1rios<br \/>\n* A rua defronte \u00e0 Igreja da Santa Cruz passar\u00e1 a ter sentido duplo entre as ruas Santa Cruz e Expedicion\u00e1rios.<\/p>\n<p><em>Fonte: A Comarca<\/em><\/p>\n","protected":false},"excerpt":{"rendered":"<p>A Prefeitura Municipal de Mogi Mirim informa que o tr\u00e2nsito da Santa Cruz vai sofrer mudan\u00e7as dentro de uma semana, a partir hoje, 1 de outubro. A justificativa \u00e9 de que a medida atende reclama\u00e7\u00e3o de comerciantes do bairro. *A Rua Ana Gama e Silva ter\u00e1 sentido invertido: ir\u00e1 da Expedicion\u00e1rios at\u00e9 a Avenida Brasil [&hellip;]<\/p>\n","protected":false},"author":1,"featured_media":0,"comment_status":"open","ping_status":"open","sticky":false,"template":"","format":"standard","meta":{"footnotes":""},"categories":[6,8],"tags":[14],"class_list":["post-769","post","type-post","status-publish","format-standard","hentry","category-noticias","category-servicos","tag-mogi-mirim"],"_links":{"self":[{"href":"https:\/\/www.encontramogimirim.com.br\/noticias\/wp-json\/wp\/v2\/posts\/769","targetHints":{"allow":["GET"]}}],"collection":[{"href":"https:\/\/www.encontramogimirim.com.br\/noticias\/wp-json\/wp\/v2\/posts"}],"about":[{"href":"https:\/\/www.encontramogimirim.com.br\/noticias\/wp-json\/wp\/v2\/types\/post"}],"author":[{"embeddable":true,"href":"https:\/\/www.encontramogimirim.com.br\/noticias\/wp-json\/wp\/v2\/users\/1"}],"replies":[{"embeddable":true,"href":"https:\/\/www.encontramogimirim.com.br\/noticias\/wp-json\/wp\/v2\/comments?post=769"}],"version-history":[{"count":5,"href":"https:\/\/www.encontramogimirim.com.br\/noticias\/wp-json\/wp\/v2\/posts\/769\/revisions"}],"predecessor-version":[{"id":771,"href":"https:\/\/www.encontramogimirim.com.br\/noticias\/wp-json\/wp\/v2\/posts\/769\/revisions\/771"}],"wp:attachment":[{"href":"https:\/\/www.encontramogimirim.com.br\/noticias\/wp-json\/wp\/v2\/media?parent=769"}],"wp:term":[{"taxonomy":"category","embeddable":true,"href":"https:\/\/www.encontramogimirim.com.br\/noticias\/wp-json\/wp\/v2\/categories?post=769"},{"taxonomy":"post_tag","embeddable":true,"href":"https:\/\/www.encontramogimirim.com.br\/noticias\/wp-json\/wp\/v2\/tags?post=769"}],"curies":[{"name":"wp","href":"https:\/\/api.w.org\/{rel}","templated":true}]}}