{"id":776,"date":"2012-10-03T05:00:38","date_gmt":"2012-10-03T07:00:38","guid":{"rendered":"http:\/\/www.encontramogimirim.com.br\/noticias\/?p=776"},"modified":"2013-08-15T12:29:36","modified_gmt":"2013-08-15T14:29:36","slug":"mogi-mirim-tem-dois-selecionados-para-eptv-na-escola","status":"publish","type":"post","link":"https:\/\/www.encontramogimirim.com.br\/noticias\/mogi-mirim-tem-dois-selecionados-para-eptv-na-escola\/","title":{"rendered":"Mogi Mirim tem dois selecionados para EPTV na Escola"},"content":{"rendered":"<p>Com o tema \u201cRedes Sociais: Caminhos para um mundo novo\u201d, dois alunos de Mogi Mirim, atrav\u00e9s de suas reda\u00e7\u00f5es, foram selecionados no projeto \u201cEPTV na Escola\u201d, promovido pela afiliada da Rede Globo em Campinas. Foram selecionadas 79 reda\u00e7\u00f5es de 50 cidades da regi\u00e3o.<\/p>\n<p>O texto \u201cO futuro das redes sociais em nossas m\u00e3os\u201d, de Alice Favali de Souza, da Escola Estadual \u201cS\u00e3o Judas Tadeu\u201d, ap\u00f3s uma s\u00e9rie de pesquisas sobre a internet, aborda os lados positivos e negativos das redes sociais. \u201cUma crian\u00e7a passa horas di\u00e1rias diante de um computador sem a supervis\u00e3o de um adulto, e essas horas levam a uma aus\u00eancia de di\u00e1logo entre os membros da fam\u00edlia, deixando a crian\u00e7a vulner\u00e1vel ao lado mau das redes\u201d, escreveu Alice.<\/p>\n<p>Por outro lado, para ela, \u00e9 poss\u00edvel se beneficiar desse instrumento de comunica\u00e7\u00e3o. \u201cD\u00e1 para trocar id\u00e9ias, fazer amizades e conversar com amigos distantes. N\u00e3o vejo a vida sem internet hoje\u201d, revela. \u201cAcho que as redes sociais s\u00e3o caminhos para um mundo novo, mas depende da consci\u00eancia das pessoas\u201d, completa ela, que acredita que a solu\u00e7\u00e3o para um uso melhor das redes sociais seria um maior di\u00e1logo entre as fam\u00edlias.<\/p>\n<p>O estudante Bruno Gomes dos Santos, do Col\u00e9gio Imaculada, que tamb\u00e9m teve sua reda\u00e7\u00e3o selecionada, concorda que as rela\u00e7\u00f5es familiares est\u00e3o se perdendo. \u201cA solu\u00e7\u00e3o \u00e9 o contato entre a fam\u00edlia e a escola, que d\u00e3o as bases, o aprendizado. Os valores n\u00e3o s\u00e3o vistos nas redes sociais\u201d, acrescenta.<\/p>\n<p>Com o t\u00edtulo \u201cVer ou viver\u201d, Bruno aborda a humaniza\u00e7\u00e3o nas redes sociais e questiona a import\u00e2ncia destas ferramentas na sociedade. Segundo ele, deve haver um equil\u00edbrio entre a vida real e virtual e \u00e9 necess\u00e1rio \u201cnotar aspectos importantes, como o p\u00f4r do sol\u201d, exemplificou.<\/p>\n<p>\u201cFiquei muito feliz. Quando fiquei sabendo (do resultado), coloquei no Facebook da Karina\u201d, disse Alice, referindo-se a sua professora. Para Priscilla Maura Mesquita, diretora da \u201cS\u00e3o Judas\u201d, o fato de ter uma aluna entre os semifinalistas do projeto \u00e9 uma realiza\u00e7\u00e3o para a escola. \u201c\u00c9 muito importante. Serve para mostrar que temos professores bons e alunos competentes. \u00c9 um incentivo\u201d, definiu.<\/p>\n<p>\u201cTomei um susto. N\u00e3o esperava ser selecionado. De pensar que entre tantas pessoas eu estou entre os semifinalistas&#8230; Estou satisfeito\u201d, disse Bruno. \u201cN\u00f3s educadores, estamos muito felizes, recompensados. Mas principalmente pelo aluno, em expor suas id\u00e9ias. \u00c9 um incentivo e uma motiva\u00e7\u00e3o at\u00e9 para os colegas, que se sentem representados por ele\u201d, avaliou Dulce Helena Mariotoni Bronzatto, coordenadora pedag\u00f3gica do Imaculada.<\/p>\n<p>PREMIA\u00c7\u00c3O<br \/>\nPara escolher as melhores reda\u00e7\u00f5es, a EPTV dever\u00e1 formar uma nova comiss\u00e3o julgadora. Ser\u00e3o selecionadas as 10 melhores reda\u00e7\u00f5es. Como premia\u00e7\u00e3o, os alunos dever\u00e3o ganhar um televisor e a escola do primeiro colocado, um datashow.<\/p>\n<p>A divulga\u00e7\u00e3o ser\u00e1 feita no dia 26 de outubro, nos telejornais da emissora e no site do projeto. Os finalistas ter\u00e3o ainda a oportunidade de realizar uma reportagem para TV em sua cidade e participar da entrega de pr\u00eamios com um acompanhante.<\/p>\n<p><em>Fonte: A Comarca<\/em><\/p>\n","protected":false},"excerpt":{"rendered":"<p>Com o tema \u201cRedes Sociais: Caminhos para um mundo novo\u201d, dois alunos de Mogi Mirim, atrav\u00e9s de suas reda\u00e7\u00f5es, foram selecionados no projeto \u201cEPTV na Escola\u201d, promovido pela afiliada da Rede Globo em Campinas. Foram selecionadas 79 reda\u00e7\u00f5es de 50 cidades da regi\u00e3o. O texto \u201cO futuro das redes sociais em nossas m\u00e3os\u201d, de Alice [&hellip;]<\/p>\n","protected":false},"author":1,"featured_media":0,"comment_status":"open","ping_status":"open","sticky":false,"template":"","format":"standard","meta":{"footnotes":""},"categories":[6],"tags":[14],"class_list":["post-776","post","type-post","status-publish","format-standard","hentry","category-noticias","tag-mogi-mirim"],"_links":{"self":[{"href":"https:\/\/www.encontramogimirim.com.br\/noticias\/wp-json\/wp\/v2\/posts\/776","targetHints":{"allow":["GET"]}}],"collection":[{"href":"https:\/\/www.encontramogimirim.com.br\/noticias\/wp-json\/wp\/v2\/posts"}],"about":[{"href":"https:\/\/www.encontramogimirim.com.br\/noticias\/wp-json\/wp\/v2\/types\/post"}],"author":[{"embeddable":true,"href":"https:\/\/www.encontramogimirim.com.br\/noticias\/wp-json\/wp\/v2\/users\/1"}],"replies":[{"embeddable":true,"href":"https:\/\/www.encontramogimirim.com.br\/noticias\/wp-json\/wp\/v2\/comments?post=776"}],"version-history":[{"count":2,"href":"https:\/\/www.encontramogimirim.com.br\/noticias\/wp-json\/wp\/v2\/posts\/776\/revisions"}],"predecessor-version":[{"id":1463,"href":"https:\/\/www.encontramogimirim.com.br\/noticias\/wp-json\/wp\/v2\/posts\/776\/revisions\/1463"}],"wp:attachment":[{"href":"https:\/\/www.encontramogimirim.com.br\/noticias\/wp-json\/wp\/v2\/media?parent=776"}],"wp:term":[{"taxonomy":"category","embeddable":true,"href":"https:\/\/www.encontramogimirim.com.br\/noticias\/wp-json\/wp\/v2\/categories?post=776"},{"taxonomy":"post_tag","embeddable":true,"href":"https:\/\/www.encontramogimirim.com.br\/noticias\/wp-json\/wp\/v2\/tags?post=776"}],"curies":[{"name":"wp","href":"https:\/\/api.w.org\/{rel}","templated":true}]}}