{"id":778,"date":"2012-10-04T05:00:29","date_gmt":"2012-10-04T07:00:29","guid":{"rendered":"http:\/\/www.encontramogimirim.com.br\/noticias\/?p=778"},"modified":"2013-08-15T12:29:32","modified_gmt":"2013-08-15T14:29:32","slug":"inquerito-investiga-uso-de-agua-de-deposito-em-aparelhos-do-hospital-de-mogi-mirim","status":"publish","type":"post","link":"https:\/\/www.encontramogimirim.com.br\/noticias\/inquerito-investiga-uso-de-agua-de-deposito-em-aparelhos-do-hospital-de-mogi-mirim\/","title":{"rendered":"Inqu\u00e9rito investiga uso de \u00e1gua de dep\u00f3sito em aparelhos do hospital de Mogi Mirim"},"content":{"rendered":"<p>Durante as a\u00e7\u00f5es realizadas pelo interventor Roberto de Oliveira Junior na <a href=\"http:\/\/www.encontramogimirim.com.br\/mogi-mirim\/santa-casa-mogi-mirim.shtml\" target=\"_blank\">Santa Casa<\/a> foi identificado o uso de \u00e1gua de dep\u00f3sito em aparelhos, o que gera risco de contamina\u00e7\u00e3o. O procedimento correto prev\u00ea o uso de \u00e1gua corrente.<\/p>\n<p>Na tarde de 2 de outubro, Oliveira Junior esclareceu \u00e0 <em>A COMARCA<\/em> que foi alertado por funcion\u00e1rios sobre a situa\u00e7\u00e3o no in\u00edcio de setembro. \u201cN\u00e3o sabemos se houve contamina\u00e7\u00e3o, mas era utilizada \u00e1gua impr\u00f3pria de uma caixa d\u2019\u00e1gua, quando o indicado \u00e9 o uso de \u00e1gua corrente para evitar ac\u00famulo de bact\u00e9rias\u201d.<\/p>\n<p>O interventor n\u00e3o revelou o setor do hospital onde teria acontecido o problema, alegando que o caso est\u00e1 sob sigilo policial. \u201c\u00c9 um setor do hospital que utiliza \u00e1gua pura para a limpeza dos equipamentos\u201d, disse apenas.<br \/>\nO caso est\u00e1 sendo investigado pela Delegacia Seccional da cidade de Mogi Gua\u00e7u e pode configurar crime contra sa\u00fade p\u00fablica se for comprovado que a \u00e1gua estava contaminada em raz\u00e3o do ac\u00famulo. O delegado seccional, Jos\u00e9 Antonio Carlos de Souza, solicitou per\u00edcia t\u00e9cnica para apurar a den\u00fancia.<\/p>\n<p>Segundo o interventor, o hospital j\u00e1 recebeu peritos e as an\u00e1lises est\u00e3o em andamento. \u201cPode ter havido infec\u00e7\u00e3o, complica\u00e7\u00f5es no quadro de pacientes e at\u00e9 morte. Isso \u00e9 que est\u00e1 sendo apurado\u201d, afirmou.<\/p>\n<p>A decis\u00e3o de utilizar \u00e1gua de dep\u00f3sito nos aparelhos teria partido do ex-diretor executivo, Ronaldo Carvalho. Segundo o interventor, a \u00e1gua de dep\u00f3sito era usada como op\u00e7\u00e3o quando o hospital excedia o consumo m\u00e1ximo que caracteriza isen\u00e7\u00e3o de pagamento do hidr\u00f4metro de \u00e1gua corrente. A economia mensal seria de cerca de R$ 2,5 mil. \u201cPor esse valor, ele (Ronaldo) colocou vidas em jogo\u201d, criticou.<\/p>\n<p>\u201cA decis\u00e3o foi dele. Quem alertou nem sabia da gravidade disso\u201d, disse Oliveira Junior. Ele afirmou que os m\u00e9dicos que atuam no hospital n\u00e3o tinham conhecimento do caso e que, por isso, n\u00e3o teriam apontado o problema.<br \/>\nO interventor tamb\u00e9m levantou suspeitas em rela\u00e7\u00e3o ao volume de material de constru\u00e7\u00e3o comprado na gest\u00e3o do ex-diretor. \u201cTem material comprado que n\u00e3o se identificou para onde era. Muitos blocos de cimento, sendo que a obra em andamento, que \u00e9 da Unidade de Nutri\u00e7\u00e3o, j\u00e1 est\u00e1 na fase de revestimento\u201d, detalhou. Oliveira estranha o pagamento antecipado da obra \u00e0 construtora. \u201cCome\u00e7ou em dezembro de 2011 e foi paga em dezembro de 2010\u201d.<\/p>\n<p>Uma equipe de auditores fiscais da <a href=\"http:\/\/www.encontramogimirim.com.br\/mogi-mirim\/prefeitura-mogi-mirim.shtml\" target=\"_blank\">Prefeitura Municipal de Mogi Mirim<\/a> est\u00e1 realizando auditoria nas contas do hospital. Segundo Oliveira Junior, a hip\u00f3tese de auditoria terceirizada foi afastada porque n\u00e3o h\u00e1 recursos para essa contrata\u00e7\u00e3o. Questionado se encontrou evid\u00eancias de desvio financeiro no hospital, o interventor afirmou que \u201ch\u00e1 ind\u00edcios, mas \u00e9 precipitado afirmar\u201d.<\/p>\n<p><em>A COMARCA<\/em> voltou a questionar o interventor sobre a possibilidade de restringir a interven\u00e7\u00e3o ao SUS (Sistema \u00danico de Sa\u00fade), considerando a alega\u00e7\u00e3o da Prefeitura de que os recursos p\u00fablicos s\u00e3o suficientes para essa ala do hospital. No entanto, Oliveira Junior novamente afastou a hip\u00f3tese, sob o argumento de que a estrutura atual n\u00e3o permite. \u201cO hospital \u00e9 todo integrado, \u00e9 um centro m\u00e9dico s\u00f3, uma UTI s\u00f3, as enfermeiras atendem indiscriminadamente o SUS e o particular, h\u00e1 um s\u00f3 almoxarifado de rem\u00e9dios\u201d, enumerou.<\/p>\n<p>\u201cO SUS bem administrado \u00e9 vi\u00e1vel. Os recursos do SUS n\u00e3o bastaram para a gest\u00e3o que estava aqui, pelas d\u00edvidas que fizeram. Como vou pagar R$ 9 milh\u00f5es em d\u00edvida? A Justi\u00e7a limitou a Unimed, mas n\u00e3o os custos\u201d, reclamou. O interventor garantiu que a interven\u00e7\u00e3o ter\u00e1 continuidade ap\u00f3s as elei\u00e7\u00f5es. \u201cAt\u00e9 que apare\u00e7a uma pessoa mais competente e disposta a assumir\u201d, disse.<\/p>\n<p>Ele negou que a interventoria tenha desistido do recurso para derrubar a liminar que suspende o contrato com a Unimed. A informa\u00e7\u00e3o chegou a ser aventada com a suspeita de que a inten\u00e7\u00e3o seria indispor os conveniados da Unimed com a mesa afastada. \u201cFoi apresentado um agravo regimental ao Tribunal de Justi\u00e7a, tentando suspender a liminar que afastou a Unimed\u201d.<\/p>\n<p>Questionado sobre poss\u00edvel reajuste aos servi\u00e7os prestados pelos m\u00e9dicos, j\u00e1 que h\u00e1 defasagem nos valores pagos aos plantonistas, o interventor alegou inviabilidade. \u201cTudo depende do conv\u00eanio com a Unimed. \u00c8 preciso ter receita para reajustar\u201d.<\/p>\n<p><em>Fonte: A Comarca<\/em><\/p>\n","protected":false},"excerpt":{"rendered":"<p>Durante as a\u00e7\u00f5es realizadas pelo interventor Roberto de Oliveira Junior na Santa Casa foi identificado o uso de \u00e1gua de dep\u00f3sito em aparelhos, o que gera risco de contamina\u00e7\u00e3o. O procedimento correto prev\u00ea o uso de \u00e1gua corrente. Na tarde de 2 de outubro, Oliveira Junior esclareceu \u00e0 A COMARCA que foi alertado por funcion\u00e1rios [&hellip;]<\/p>\n","protected":false},"author":1,"featured_media":0,"comment_status":"open","ping_status":"open","sticky":false,"template":"","format":"standard","meta":{"footnotes":""},"categories":[6,8],"tags":[14],"class_list":["post-778","post","type-post","status-publish","format-standard","hentry","category-noticias","category-servicos","tag-mogi-mirim"],"_links":{"self":[{"href":"https:\/\/www.encontramogimirim.com.br\/noticias\/wp-json\/wp\/v2\/posts\/778","targetHints":{"allow":["GET"]}}],"collection":[{"href":"https:\/\/www.encontramogimirim.com.br\/noticias\/wp-json\/wp\/v2\/posts"}],"about":[{"href":"https:\/\/www.encontramogimirim.com.br\/noticias\/wp-json\/wp\/v2\/types\/post"}],"author":[{"embeddable":true,"href":"https:\/\/www.encontramogimirim.com.br\/noticias\/wp-json\/wp\/v2\/users\/1"}],"replies":[{"embeddable":true,"href":"https:\/\/www.encontramogimirim.com.br\/noticias\/wp-json\/wp\/v2\/comments?post=778"}],"version-history":[{"count":4,"href":"https:\/\/www.encontramogimirim.com.br\/noticias\/wp-json\/wp\/v2\/posts\/778\/revisions"}],"predecessor-version":[{"id":1391,"href":"https:\/\/www.encontramogimirim.com.br\/noticias\/wp-json\/wp\/v2\/posts\/778\/revisions\/1391"}],"wp:attachment":[{"href":"https:\/\/www.encontramogimirim.com.br\/noticias\/wp-json\/wp\/v2\/media?parent=778"}],"wp:term":[{"taxonomy":"category","embeddable":true,"href":"https:\/\/www.encontramogimirim.com.br\/noticias\/wp-json\/wp\/v2\/categories?post=778"},{"taxonomy":"post_tag","embeddable":true,"href":"https:\/\/www.encontramogimirim.com.br\/noticias\/wp-json\/wp\/v2\/tags?post=778"}],"curies":[{"name":"wp","href":"https:\/\/api.w.org\/{rel}","templated":true}]}}