{"id":79,"date":"2011-07-08T20:15:27","date_gmt":"2011-07-08T22:15:27","guid":{"rendered":"http:\/\/www.encontramogimirim.com.br\/noticias\/?p=79"},"modified":"2013-08-15T12:29:05","modified_gmt":"2013-08-15T14:29:05","slug":"linhas-de-onibus-de-mogi-mirim-sofrem-mudancas-a-partir-deste-sabado","status":"publish","type":"post","link":"https:\/\/www.encontramogimirim.com.br\/noticias\/linhas-de-onibus-de-mogi-mirim-sofrem-mudancas-a-partir-deste-sabado\/","title":{"rendered":"Linhas de \u00f4nibus de Mogi Mirim sofrem mudan\u00e7as a partir deste s\u00e1bado"},"content":{"rendered":"<p>A partir de s\u00e1bado, pontos de embarque dos \u00f4nibus circulares v\u00e3o sofrer altera\u00e7\u00f5es no centro da cidade de Mogi Mirim, particularmente na rua Ulhoa Cintra.<\/p>\n<p>Ser\u00e3o afetadas linhas que servem bairros da zona Leste, distrito de Martim Francisco, Ch\u00e1caras Sol Nascente e Jardim Planmalto.<\/p>\n<p>O ponto existente na Rua Ulh\u00f4a Cintra em frente ao banco HSBC, na Ullhoa Cintra, ser\u00e1 desativo. No local funcionar\u00e1 o ponto de t\u00e1xi.<\/p>\n<p>Os passageiros que utilizam as linhas 2 e 10 passar\u00e3o a tomar os \u00f4nibus no ponto em frente ao Cart\u00f3rio de Registro, na mesma rua. Essas linhas n\u00e3o sofrer\u00e3o mudan\u00e7a no itiner\u00e1rio.<\/p>\n<p>Os usu\u00e1rios das linhas 1, 3, 4, 8, 9, 13, 14 e 16 tomar\u00e3o os \u00f4nibus na Rua Conde de Parna\u00edba, em frente \u00e0 loja Cybelar ou pr\u00f3ximo \u00e0 Esta\u00e7\u00e3o Educa\u00e7\u00e3o. Ser\u00e1 desativado o ponto na Rua Maestro de Souza Brito.<\/p>\n<p>A linha 3 ter\u00e1 ponto de embarque e desembarque no Espa\u00e7o Cidad\u00e3o. O novo itiner\u00e1rio da linha 3 ser\u00e1 pela Rua do Mirante, Avenida Adib Chaib e, ap\u00f3s o ponto de parada no Espa\u00e7o Cidad\u00e3o, seguir\u00e1 trajeto normal.<\/p>\n<p><strong>MARTIM<\/strong><\/p>\n<p>Os \u00f4nibus das linhas que atendem Martim Francisco, Ch\u00e1caras Sol Nascente e Jardim Planalto n\u00e3o passar\u00e3o mais pela parada da Avenida Adib Chaib, atr\u00e1s do almoxarifado da Prefeitura.<\/p>\n<p>O novo itiner\u00e1rio ser\u00e1 pela Rua Ulh\u00f4a Cintra, Rua Conde de Parna\u00edba, Esta\u00e7\u00e3o Educa\u00e7\u00e3o e Avenida Adib Chaib em dire\u00e7\u00e3o ao CEM (Centro de Especialidades M\u00e9dicas).<\/p>\n<p>Para isso, os pontos de embarque e desembarque ser\u00e3o na Rua Conde de Parna\u00edba e em frente \u00e0 Esta\u00e7\u00e3o Educa\u00e7\u00e3o.<\/p>\n<p><em>Fonte: O Popular<\/em><\/p>\n","protected":false},"excerpt":{"rendered":"<p>A partir de s\u00e1bado, pontos de embarque dos \u00f4nibus circulares v\u00e3o sofrer altera\u00e7\u00f5es no centro da cidade de Mogi Mirim, particularmente na rua Ulhoa Cintra. Ser\u00e3o afetadas linhas que servem bairros da zona Leste, distrito de Martim Francisco, Ch\u00e1caras Sol Nascente e Jardim Planmalto. O ponto existente na Rua Ulh\u00f4a Cintra em frente ao banco [&hellip;]<\/p>\n","protected":false},"author":1,"featured_media":0,"comment_status":"open","ping_status":"open","sticky":false,"template":"","format":"standard","meta":{"footnotes":""},"categories":[6],"tags":[14],"class_list":["post-79","post","type-post","status-publish","format-standard","hentry","category-noticias","tag-mogi-mirim"],"_links":{"self":[{"href":"https:\/\/www.encontramogimirim.com.br\/noticias\/wp-json\/wp\/v2\/posts\/79","targetHints":{"allow":["GET"]}}],"collection":[{"href":"https:\/\/www.encontramogimirim.com.br\/noticias\/wp-json\/wp\/v2\/posts"}],"about":[{"href":"https:\/\/www.encontramogimirim.com.br\/noticias\/wp-json\/wp\/v2\/types\/post"}],"author":[{"embeddable":true,"href":"https:\/\/www.encontramogimirim.com.br\/noticias\/wp-json\/wp\/v2\/users\/1"}],"replies":[{"embeddable":true,"href":"https:\/\/www.encontramogimirim.com.br\/noticias\/wp-json\/wp\/v2\/comments?post=79"}],"version-history":[{"count":2,"href":"https:\/\/www.encontramogimirim.com.br\/noticias\/wp-json\/wp\/v2\/posts\/79\/revisions"}],"predecessor-version":[{"id":1076,"href":"https:\/\/www.encontramogimirim.com.br\/noticias\/wp-json\/wp\/v2\/posts\/79\/revisions\/1076"}],"wp:attachment":[{"href":"https:\/\/www.encontramogimirim.com.br\/noticias\/wp-json\/wp\/v2\/media?parent=79"}],"wp:term":[{"taxonomy":"category","embeddable":true,"href":"https:\/\/www.encontramogimirim.com.br\/noticias\/wp-json\/wp\/v2\/categories?post=79"},{"taxonomy":"post_tag","embeddable":true,"href":"https:\/\/www.encontramogimirim.com.br\/noticias\/wp-json\/wp\/v2\/tags?post=79"}],"curies":[{"name":"wp","href":"https:\/\/api.w.org\/{rel}","templated":true}]}}