{"id":82,"date":"2011-07-12T21:02:05","date_gmt":"2011-07-12T23:02:05","guid":{"rendered":"http:\/\/www.encontramogimirim.com.br\/noticias\/?p=82"},"modified":"2011-07-12T21:02:05","modified_gmt":"2011-07-12T23:02:05","slug":"transito-muda-no-entorno-da-santa-casa-de-mogi-mirim","status":"publish","type":"post","link":"https:\/\/www.encontramogimirim.com.br\/noticias\/transito-muda-no-entorno-da-santa-casa-de-mogi-mirim\/","title":{"rendered":"Tr\u00e2nsito muda no entorno da Santa Casa de Mogi Mirim"},"content":{"rendered":"<p>Depois de algumas incertezas, finalmente foram implantadas na manh\u00e3 desta ter\u00e7a-feira as novas rotas de tr\u00e1fego no entorno da Santa Casa de Mogi Mirim. O processo transcorre normalmente.<\/p>\n<p>Placas instaladas em cavaletes e em postes indicam as dire\u00e7\u00f5es. Agentes de tr\u00e2nsito auxiliam na orienta\u00e7\u00e3o aos motoristas mais desavisados.<\/p>\n<p>Com a mudan\u00e7a, a Ladeira S\u00e3o Benedito, no trecho entre as ruas Alexandre Coelho e Alameda Vital Brasil, ficou com sentido \u00fanico de dire\u00e7\u00e3o do centro para o bairro, voltando \u00e0 m\u00e3o dupla mais abaixo.<\/p>\n<p>Na Rua Baronesa de Cintra, o tr\u00e1fego agora \u00e9 na dire\u00e7\u00e3o do centro do bairro para o centro a partir da Avenida Luiz Gonzaga de Amoedo Campos at\u00e9 a Rua Joaquim Ferreira Lima. Esta tamb\u00e9m tem sentido \u00fanico at\u00e9 a Rua 13 de Maio.<\/p>\n<p>Na rotat\u00f3ria pr\u00f3xima \u00e0 Escola Estadual \u201cMonsenhor Nora\u201d, ao subir pela Baronesa de Cintra, o motorista t\u00eam as op\u00e7\u00f5es de seguir em frente ou convergir \u00e0 esquerda ou \u00e0 direita.<\/p>\n<p>Em dire\u00e7\u00e3o ao centro, a Rua Monsenhor Nora s\u00f3 pode ser trafegada da Baronesa de Cintra para a Rua Maestro Azevedo. Mas, \u00e9 mantido o sentido do centro para o bairro na Monsenhor Nora, da Pra\u00e7a Floriano Peixoto at\u00e9 a Maestro Azevedo, defronte \u00e0 Santa Casa.<\/p>\n<p>A Alameda Vital Brasil tem sentido \u00fanico bairro-centro em toda a sua extens\u00e3o. Na Rua Jo\u00e3o Mendes de Almeida Junior o sentido \u00e9 contr\u00e1rio em toda sua extens\u00e3o.<\/p>\n<p>Em frente \u00e0 Igreja de S\u00e3o Benedito \u00e9 permitido retorno para acessar a Alexandre Coelho.<\/p>\n<p><strong>TUCURA<\/strong><br \/>\nTamb\u00e9m a partir desta ter\u00e7a-feira houve altera\u00e7\u00f5es nas ruas Itoror\u00f3 e Guararapes, no bairro do Tucura, zona Norte.<\/p>\n<p>A Rua Itoror\u00f3, a partir da Avenida da Saudade somente tem sentido para a Rua do Tucura. J\u00e1 a Guararapes faz o sentindo contr\u00e1rio, da Rua do Tucura para a Avenida da Saudade.<\/p>\n<p><em>Fonte: O Popular<\/em><\/p>\n","protected":false},"excerpt":{"rendered":"<p>Depois de algumas incertezas, finalmente foram implantadas na manh\u00e3 desta ter\u00e7a-feira as novas rotas de tr\u00e1fego no entorno da Santa Casa de Mogi Mirim. O processo transcorre normalmente. Placas instaladas em cavaletes e em postes indicam as dire\u00e7\u00f5es. Agentes de tr\u00e2nsito auxiliam na orienta\u00e7\u00e3o aos motoristas mais desavisados. Com a mudan\u00e7a, a Ladeira S\u00e3o Benedito, [&hellip;]<\/p>\n","protected":false},"author":1,"featured_media":0,"comment_status":"open","ping_status":"open","sticky":false,"template":"","format":"standard","meta":{"footnotes":""},"categories":[6],"tags":[14],"class_list":["post-82","post","type-post","status-publish","format-standard","hentry","category-noticias","tag-mogi-mirim"],"_links":{"self":[{"href":"https:\/\/www.encontramogimirim.com.br\/noticias\/wp-json\/wp\/v2\/posts\/82","targetHints":{"allow":["GET"]}}],"collection":[{"href":"https:\/\/www.encontramogimirim.com.br\/noticias\/wp-json\/wp\/v2\/posts"}],"about":[{"href":"https:\/\/www.encontramogimirim.com.br\/noticias\/wp-json\/wp\/v2\/types\/post"}],"author":[{"embeddable":true,"href":"https:\/\/www.encontramogimirim.com.br\/noticias\/wp-json\/wp\/v2\/users\/1"}],"replies":[{"embeddable":true,"href":"https:\/\/www.encontramogimirim.com.br\/noticias\/wp-json\/wp\/v2\/comments?post=82"}],"version-history":[{"count":1,"href":"https:\/\/www.encontramogimirim.com.br\/noticias\/wp-json\/wp\/v2\/posts\/82\/revisions"}],"predecessor-version":[{"id":83,"href":"https:\/\/www.encontramogimirim.com.br\/noticias\/wp-json\/wp\/v2\/posts\/82\/revisions\/83"}],"wp:attachment":[{"href":"https:\/\/www.encontramogimirim.com.br\/noticias\/wp-json\/wp\/v2\/media?parent=82"}],"wp:term":[{"taxonomy":"category","embeddable":true,"href":"https:\/\/www.encontramogimirim.com.br\/noticias\/wp-json\/wp\/v2\/categories?post=82"},{"taxonomy":"post_tag","embeddable":true,"href":"https:\/\/www.encontramogimirim.com.br\/noticias\/wp-json\/wp\/v2\/tags?post=82"}],"curies":[{"name":"wp","href":"https:\/\/api.w.org\/{rel}","templated":true}]}}