{"id":905,"date":"2013-03-04T11:59:00","date_gmt":"2013-03-04T13:59:00","guid":{"rendered":"http:\/\/www.encontramogimirim.com.br\/noticias\/?p=905"},"modified":"2013-08-15T12:29:41","modified_gmt":"2013-08-15T14:29:41","slug":"virada-cultural-pode-chegar-em-mogi-mirim","status":"publish","type":"post","link":"https:\/\/www.encontramogimirim.com.br\/noticias\/virada-cultural-pode-chegar-em-mogi-mirim\/","title":{"rendered":"Virada Cultural pode chegar em Mogi Mirim"},"content":{"rendered":"<p>O prefeito Gustavo Stupp est\u00e1 empenhando-se para fazer com que Mogi Mirim seja palco da Virada Cultural Paulista, que acontece no m\u00eas de maio.<\/p>\n<p>Para isso, o prefeito solicitou ao diretor do Departamento de Cultura e Turismo na cidade de Mogi Mirim, Andr\u00e9 Mazzon que verificasse todas as provid\u00eancias necess\u00e1rias para que o evento seja realizado no munic\u00edpio.<\/p>\n<p>Stupp tamb\u00e9m se preocupou em se unir \u00e0 cidade vizinha, Mogi Gua\u00e7u, uma vez que, a mesma contou com o evento no ano passado, entretanto, este ano n\u00e3o teria condi\u00e7\u00f5es para sediar novamente. Assim, provavelmente, a Virada Cultural seja realizada em conjunto entre as duas cidades.<\/p>\n<p>A primeira medida foi realizar uma reuni\u00e3o com o Secret\u00e1rio de Cultura de Mogi Gua\u00e7u, Luiz Carlos Ferreira, que aprovou a ideia dizendo que Mogi Gua\u00e7u poderia sediar os eventos que n\u00e3o exigem estruturas t\u00e3o grandes, como teatro e dan\u00e7a, por exemplo.<\/p>\n<p>Mogi Mirim, por sua vez, sediaria os shows que necessitam de uma estrutura maior, inclusive, palco, que seria montada no Complexo Lavap\u00e9s.<\/p>\n<p>O diretor de Cultura de Mogi Mirim esteve na cidade de S\u00e3o Paulo, na Secretaria de Estado da Cultura conversando sobre a possibilidade dessa uni\u00e3o para realiza\u00e7\u00e3o do evento.<\/p>\n<p>O processo j\u00e1 est\u00e1 em etapa final e as expectativas s\u00e3o as melhores para aprova\u00e7\u00e3o e realiza\u00e7\u00e3o desse evento que promover\u00e1 uma programa\u00e7\u00e3o cultural diversificada, de alta qualidade.<\/p>\n<p><strong>Virada Cultural Paulista<\/strong><\/p>\n<p>Inspirada na Virada Cultural da Capital, a Virada Cultural Paulista \u00e9 uma realiza\u00e7\u00e3o do Governo do Estado e Secretaria de Estado da Cultura em parceria com os munic\u00edpios participantes que foram inscritos.<\/p>\n<p>O evento promove, durante 24 horas, a circula\u00e7\u00e3o de programa\u00e7\u00e3o art\u00edstica em regi\u00f5es do Estado de S\u00e3o Paulo de forma simult\u00e2nea.<\/p>\n<p>As atra\u00e7\u00f5es com diversas linguagens proporcionam ao p\u00fablico uma programa\u00e7\u00e3o cultural diversificada de alta qualidade.<\/p>\n<p><em>Fonte: Prefeitura Mogi Mirim<\/em><\/p>\n","protected":false},"excerpt":{"rendered":"<p>O prefeito Gustavo Stupp est\u00e1 empenhando-se para fazer com que Mogi Mirim seja palco da Virada Cultural Paulista, que acontece no m\u00eas de maio. Para isso, o prefeito solicitou ao diretor do Departamento de Cultura e Turismo na cidade de Mogi Mirim, Andr\u00e9 Mazzon que verificasse todas as provid\u00eancias necess\u00e1rias para que o evento seja [&hellip;]<\/p>\n","protected":false},"author":1,"featured_media":0,"comment_status":"open","ping_status":"open","sticky":false,"template":"","format":"standard","meta":{"footnotes":""},"categories":[6],"tags":[],"class_list":["post-905","post","type-post","status-publish","format-standard","hentry","category-noticias"],"_links":{"self":[{"href":"https:\/\/www.encontramogimirim.com.br\/noticias\/wp-json\/wp\/v2\/posts\/905","targetHints":{"allow":["GET"]}}],"collection":[{"href":"https:\/\/www.encontramogimirim.com.br\/noticias\/wp-json\/wp\/v2\/posts"}],"about":[{"href":"https:\/\/www.encontramogimirim.com.br\/noticias\/wp-json\/wp\/v2\/types\/post"}],"author":[{"embeddable":true,"href":"https:\/\/www.encontramogimirim.com.br\/noticias\/wp-json\/wp\/v2\/users\/1"}],"replies":[{"embeddable":true,"href":"https:\/\/www.encontramogimirim.com.br\/noticias\/wp-json\/wp\/v2\/comments?post=905"}],"version-history":[{"count":4,"href":"https:\/\/www.encontramogimirim.com.br\/noticias\/wp-json\/wp\/v2\/posts\/905\/revisions"}],"predecessor-version":[{"id":1550,"href":"https:\/\/www.encontramogimirim.com.br\/noticias\/wp-json\/wp\/v2\/posts\/905\/revisions\/1550"}],"wp:attachment":[{"href":"https:\/\/www.encontramogimirim.com.br\/noticias\/wp-json\/wp\/v2\/media?parent=905"}],"wp:term":[{"taxonomy":"category","embeddable":true,"href":"https:\/\/www.encontramogimirim.com.br\/noticias\/wp-json\/wp\/v2\/categories?post=905"},{"taxonomy":"post_tag","embeddable":true,"href":"https:\/\/www.encontramogimirim.com.br\/noticias\/wp-json\/wp\/v2\/tags?post=905"}],"curies":[{"name":"wp","href":"https:\/\/api.w.org\/{rel}","templated":true}]}}