{"id":967,"date":"2013-05-07T12:10:08","date_gmt":"2013-05-07T14:10:08","guid":{"rendered":"http:\/\/www.encontramogimirim.com.br\/noticias\/?p=967"},"modified":"2013-08-15T12:29:41","modified_gmt":"2013-08-15T14:29:41","slug":"campanha-de-vacinacao-contra-a-influenza-e-prorrogada-em-mogi-mirim","status":"publish","type":"post","link":"https:\/\/www.encontramogimirim.com.br\/noticias\/campanha-de-vacinacao-contra-a-influenza-e-prorrogada-em-mogi-mirim\/","title":{"rendered":"Campanha de vacina\u00e7\u00e3o contra a Influenza \u00e9 prorrogada em Mogi Mirim"},"content":{"rendered":"<p>A Secretaria Municipal de Sa\u00fade na Cidade Mogi Mirim, atrav\u00e9s da equipe de Vigil\u00e2ncia em Sa\u00fade, deu in\u00edcio no dia 15 de abril \u00e0 Campanha de vacina\u00e7\u00e3o contra a Influenza (gripe). A a\u00e7\u00e3o que seria realizada at\u00e9 o dia 26 de abril, foi prorrogada e segue at\u00e9 o dia 10 de maio, em todas as Unidades B\u00e1sicas de Sa\u00fade (UBS).<\/p>\n<p>No dia 20 de abril (s\u00e1bado), foi realizado o \u201cDia D\u201d de vacina\u00e7\u00e3o, ocasi\u00e3o em que al\u00e9m das UBS\u2019s, in\u00fameros postos volantes vacinaram, das 8h \u00e0s 17h, com exce\u00e7\u00e3o da Pra\u00e7a Rui Barbosa, onde o posto funcionar\u00e1 das 8h \u00e0s 14h.<\/p>\n<p>A carteirinha de vacina\u00e7\u00e3o para todos os grupos \u00e9 obrigat\u00f3ria.<\/p>\n<p>Este ano, de acordo com a orienta\u00e7\u00e3o do Minist\u00e9rio da Sa\u00fade, al\u00e9m das pessoas com 60 anos ou mais, trabalhadores de sa\u00fade que desenvolvem suas fun\u00e7\u00f5es na assist\u00eancia, crian\u00e7as a partir de 6 meses e os menores de 2 anos de idade, gestantes\u00a0\u00a0 e pu\u00e9rperas de at\u00e9 45 dias ap\u00f3s o parto, tamb\u00e9m est\u00e3o sendo beneficiados os portadores de comorbidades, que devem apresentar documentos comprobat\u00f3rios de suas enfermidades.<\/p>\n<p>O v\u00edrus da influenza \u00e9 um dos principais agentes das infec\u00e7\u00f5es respirat\u00f3rias em crian\u00e7as e idosos. A doen\u00e7a pode se apresentar desde uma forma leve e de curta dura\u00e7\u00e3o, at\u00e9 formas clinicamente graves e complicadas. Os sintomas muitas vezes, s\u00e3o semelhantes aos do resfriado, que se caracterizam pelo comprometimento das vias a\u00e9reas superiores, como congest\u00e3o nasal, tosse, rouquid\u00e3o, febre vari\u00e1vel, mal-estar, dor de cabe\u00e7a e nos m\u00fasculos.<\/p>\n<p>As campanhas de vacina\u00e7\u00e3o desenvolvidas pela sa\u00fade p\u00fablica, ao longo dos anos contribu\u00edram para a preven\u00e7\u00e3o da gripe, al\u00e9m de reduzir drasticamente o n\u00famero de interna\u00e7\u00f5es hospitalares, mortalidade e gastos com medicamentos para tratamento de infec\u00e7\u00f5es secund\u00e1rias.<\/p>\n<p><em>Fonte: Prefeitura Mogi Mirim<\/em><\/p>\n","protected":false},"excerpt":{"rendered":"<p>A Secretaria Municipal de Sa\u00fade na Cidade Mogi Mirim, atrav\u00e9s da equipe de Vigil\u00e2ncia em Sa\u00fade, deu in\u00edcio no dia 15 de abril \u00e0 Campanha de vacina\u00e7\u00e3o contra a Influenza (gripe). A a\u00e7\u00e3o que seria realizada at\u00e9 o dia 26 de abril, foi prorrogada e segue at\u00e9 o dia 10 de maio, em todas as [&hellip;]<\/p>\n","protected":false},"author":1,"featured_media":0,"comment_status":"open","ping_status":"open","sticky":false,"template":"","format":"standard","meta":{"footnotes":""},"categories":[6],"tags":[],"class_list":["post-967","post","type-post","status-publish","format-standard","hentry","category-noticias"],"_links":{"self":[{"href":"https:\/\/www.encontramogimirim.com.br\/noticias\/wp-json\/wp\/v2\/posts\/967","targetHints":{"allow":["GET"]}}],"collection":[{"href":"https:\/\/www.encontramogimirim.com.br\/noticias\/wp-json\/wp\/v2\/posts"}],"about":[{"href":"https:\/\/www.encontramogimirim.com.br\/noticias\/wp-json\/wp\/v2\/types\/post"}],"author":[{"embeddable":true,"href":"https:\/\/www.encontramogimirim.com.br\/noticias\/wp-json\/wp\/v2\/users\/1"}],"replies":[{"embeddable":true,"href":"https:\/\/www.encontramogimirim.com.br\/noticias\/wp-json\/wp\/v2\/comments?post=967"}],"version-history":[{"count":3,"href":"https:\/\/www.encontramogimirim.com.br\/noticias\/wp-json\/wp\/v2\/posts\/967\/revisions"}],"predecessor-version":[{"id":969,"href":"https:\/\/www.encontramogimirim.com.br\/noticias\/wp-json\/wp\/v2\/posts\/967\/revisions\/969"}],"wp:attachment":[{"href":"https:\/\/www.encontramogimirim.com.br\/noticias\/wp-json\/wp\/v2\/media?parent=967"}],"wp:term":[{"taxonomy":"category","embeddable":true,"href":"https:\/\/www.encontramogimirim.com.br\/noticias\/wp-json\/wp\/v2\/categories?post=967"},{"taxonomy":"post_tag","embeddable":true,"href":"https:\/\/www.encontramogimirim.com.br\/noticias\/wp-json\/wp\/v2\/tags?post=967"}],"curies":[{"name":"wp","href":"https:\/\/api.w.org\/{rel}","templated":true}]}}