{"id":972,"date":"2013-05-07T12:24:18","date_gmt":"2013-05-07T14:24:18","guid":{"rendered":"http:\/\/www.encontramogimirim.com.br\/noticias\/?p=972"},"modified":"2013-08-15T12:29:25","modified_gmt":"2013-08-15T14:29:25","slug":"mogi-mirim-encontro-no-planalto-aponta-resultado-positivo","status":"publish","type":"post","link":"https:\/\/www.encontramogimirim.com.br\/noticias\/mogi-mirim-encontro-no-planalto-aponta-resultado-positivo\/","title":{"rendered":"Mogi Mirim: Encontro no Planalto aponta resultado positivo"},"content":{"rendered":"<p>Na noite do dia 29 de abril, foi realizada na Emeb Prof. Adib Chaib, no Jardim Planalto, uma palestra, cujo tema abordado foi a Conserva\u00e7\u00e3o e Manuten\u00e7\u00e3o do Patrim\u00f4nio, e teve por objetivo sensibilizar os moradores para que de forma permanente executem a\u00e7\u00f5es que visem \u00e0 conserva\u00e7\u00e3o e a manuten\u00e7\u00e3o do seu im\u00f3vel. O palestrante foi o engenheiro civil e empres\u00e1rio Hideki Matsuda.<\/p>\n<p>O p\u00fablico alvo desse evento na cidade de Mogi Mirim foram as 352 fam\u00edlias beneficiadas com as unidades habitacionais do Programa Minha Casa, Minha Vida, do Residencial Floresta e demais moradores do Jardim Planalto, interessados pelo assunto.<\/p>\n<p>O encontro foi bastante produtivo, uma vez que, al\u00e9m da discuss\u00e3o sobre o patrim\u00f4nio comunit\u00e1rio foi discutida a quest\u00e3o do patrim\u00f4nio pessoal. Com exemplos da realidade dos moradores, a participa\u00e7\u00e3o dos presentes foi satisfat\u00f3ria e pode-se perceber que muitos questionamentos eram d\u00favidas comuns entre eles, por\u00e9m, falta a integra\u00e7\u00e3o para di\u00e1logos e a\u00e7\u00f5es.<\/p>\n<p>Diante disso, o pr\u00f3ximo passo da equipe que coordena o Projeto T\u00e9cnico de Trabalho Social (PTTS), far\u00e1 uma reuni\u00e3o com ampla divulga\u00e7\u00e3o para elei\u00e7\u00e3o de cerca de 10 moradores que ir\u00e3o compor a Comiss\u00e3o de Acompanhamento, para que ap\u00f3s o per\u00edodo do PTTS, nove meses, o trabalho tenha continuidade, atrav\u00e9s, desse grupo que ser\u00e1 formado. A elei\u00e7\u00e3o est\u00e1 prevista para acontecer no m\u00eas de maio.<\/p>\n<p>Tamb\u00e9m no m\u00eas de maio est\u00e1 agendada outra palestra, desta vez com o tema \u201cEduca\u00e7\u00e3o Sanit\u00e1ria\u201d, que ter\u00e1 por objetivo tratar de quest\u00f5es relacionadas aos cuidados com a higiene, sa\u00fade f\u00edsica e mental.<\/p>\n<p>Est\u00e1 previsto ainda, o in\u00edcio de oficinas socioculturais, como dan\u00e7a e teatro, por exemplo, para crian\u00e7as e adolescentes e aulas de artesanatos para adultos.<\/p>\n<p>Lembrando que essas a\u00e7\u00f5es fazem parte do PTTS, custeado pela Caixa Econ\u00f4mica Federal e elaborado e executado pela <a title=\"Prefeitura de Mogi Mirim\" href=\"http:\/\/www.encontramogimirim.com.br\/mogi-mirim\/prefeitura-mogi-mirim.shtml\" target=\"_blank\">Prefeitura de Mogi Mirim<\/a>, com o objetivo de melhorar as condi\u00e7\u00f5es de habitabilidade, das fam\u00edlias do Residencial Floresta. Os trabalhos tiveram in\u00edcio no dia 31 de janeiro deste ano, na gest\u00e3o do prefeito Gustavo Stupp.<\/p>\n<p><em>Fonte: Prefeitura Mogi Mirim<\/em><\/p>\n","protected":false},"excerpt":{"rendered":"<p>Na noite do dia 29 de abril, foi realizada na Emeb Prof. Adib Chaib, no Jardim Planalto, uma palestra, cujo tema abordado foi a Conserva\u00e7\u00e3o e Manuten\u00e7\u00e3o do Patrim\u00f4nio, e teve por objetivo sensibilizar os moradores para que de forma permanente executem a\u00e7\u00f5es que visem \u00e0 conserva\u00e7\u00e3o e a manuten\u00e7\u00e3o do seu im\u00f3vel. O palestrante [&hellip;]<\/p>\n","protected":false},"author":1,"featured_media":0,"comment_status":"open","ping_status":"open","sticky":false,"template":"","format":"standard","meta":{"footnotes":""},"categories":[6],"tags":[],"class_list":["post-972","post","type-post","status-publish","format-standard","hentry","category-noticias"],"_links":{"self":[{"href":"https:\/\/www.encontramogimirim.com.br\/noticias\/wp-json\/wp\/v2\/posts\/972","targetHints":{"allow":["GET"]}}],"collection":[{"href":"https:\/\/www.encontramogimirim.com.br\/noticias\/wp-json\/wp\/v2\/posts"}],"about":[{"href":"https:\/\/www.encontramogimirim.com.br\/noticias\/wp-json\/wp\/v2\/types\/post"}],"author":[{"embeddable":true,"href":"https:\/\/www.encontramogimirim.com.br\/noticias\/wp-json\/wp\/v2\/users\/1"}],"replies":[{"embeddable":true,"href":"https:\/\/www.encontramogimirim.com.br\/noticias\/wp-json\/wp\/v2\/comments?post=972"}],"version-history":[{"count":3,"href":"https:\/\/www.encontramogimirim.com.br\/noticias\/wp-json\/wp\/v2\/posts\/972\/revisions"}],"predecessor-version":[{"id":974,"href":"https:\/\/www.encontramogimirim.com.br\/noticias\/wp-json\/wp\/v2\/posts\/972\/revisions\/974"}],"wp:attachment":[{"href":"https:\/\/www.encontramogimirim.com.br\/noticias\/wp-json\/wp\/v2\/media?parent=972"}],"wp:term":[{"taxonomy":"category","embeddable":true,"href":"https:\/\/www.encontramogimirim.com.br\/noticias\/wp-json\/wp\/v2\/categories?post=972"},{"taxonomy":"post_tag","embeddable":true,"href":"https:\/\/www.encontramogimirim.com.br\/noticias\/wp-json\/wp\/v2\/tags?post=972"}],"curies":[{"name":"wp","href":"https:\/\/api.w.org\/{rel}","templated":true}]}}